{"id":66857,"date":"2022-07-26T13:44:57","date_gmt":"2022-07-26T18:44:57","guid":{"rendered":"https:\/\/nvnoticias.mx\/?p=66857"},"modified":"2022-07-26T13:44:59","modified_gmt":"2022-07-26T18:44:59","slug":"inicia-parlamento-abierto-sobre-reforma-electoral-en-san-lazaro","status":"publish","type":"post","link":"https:\/\/nvnoticias.mx\/index.php\/2022\/07\/26\/inicia-parlamento-abierto-sobre-reforma-electoral-en-san-lazaro\/","title":{"rendered":"Inicia parlamento abierto sobre reforma electoral en San L\u00e1zaro"},"content":{"rendered":"\n<p>La C\u00e1mara de Diputados inici\u00f3 el parlamento abierto para debatir las iniciativas de reforma electoral, incluida la que envi\u00f3 el presidente Andr\u00e9s Manuel L\u00f3pez Obrador, en donde el presidente de la Junta de Coordinaci\u00f3n Pol\u00edtica, Rub\u00e9n Moreira, destac\u00f3 que pese a las diferencias se logr\u00f3 el acuerdo de escuchar a todas las posturas y pidi\u00f3 que las dirigencias de los partidos as\u00ed lo entiendan. <\/p>\n\n\n\n<blockquote class=\"wp-block-quote is-layout-flow wp-block-quote-is-layout-flow\"><p>&#8220;<em>Me felicito porque hemos llegado a un acuerdo de escucharnos. S\u00f3lo se logra el cometido de hablar si nos escuchamos con respeto. Alguien propone y alguien presenta contrapropuesta y as\u00ed lograr lo mejor para el pa\u00eds&#8221;, dijo. <\/em><\/p><\/blockquote>\n\n\n\n<p>El priista dej\u00f3 claro que este parlamento es un mandato que las y los legisladores tienen la responsabilidad de atender y buscan cubrir todas las posiciones &#8220;desde los que requieren aclaraciones como los que requieren ser difundidos&#8221;, a trav\u00e9s de las tres modalidades: di\u00e1logos con la Jucopo, di\u00e1logos con comisiones e intervenciones en el canal del congreso. <\/p>\n\n\n\n<blockquote class=\"wp-block-quote is-layout-flow wp-block-quote-is-layout-flow\"><p>&#8220;<em>\u00c9ste es un parlamento para revisar todas aquellas propuestas presentadas m\u00e1s las ideas que diputadas y diputados presentes, estaremos trabajando un mes para que con los res\u00famenes, decidir en qu\u00e9 se puede y lo digo en el mejor de los puentes, transitar si se llega a un acuerdo<\/em>. <\/p><\/blockquote>\n\n\n\n<blockquote class=\"wp-block-quote is-layout-flow wp-block-quote-is-layout-flow\"><p>&#8220;<em>Aqu\u00ed estamos representados todos los que tienen m\u00e1s y menos votos, aqu\u00ed est\u00e1 representada la naci\u00f3n y lo que no podemos hacer es dejar de cumplir con nuestra responsabilidad, algunos hemos manifestado nuestras posturas pero nuestras dirigencias deben entender que ac\u00e1 tenemos un di\u00e1logo profundo<\/em>&#8220;, se\u00f1al\u00f3. <\/p><\/blockquote>\n\n\n\n<p>Adem\u00e1s del priista, por parte de la oposici\u00f3n estuvieron Jorge \u00c1lvarez Maynez, de Movimiento Ciudadano; del PAN se ausent\u00f3 su coordinador, pero asisti\u00f3 Jorge Triana. Asimismo, estuvieron presentes Gerardo Fern\u00e1ndez Noro\u00f1a, del Partido del Trabajo; Eunice Monz\u00f3n, del Partido Verde, e Ignacio Mier, de Morena <\/p>\n\n\n\n<p>Los coordinadores y representantes de otros partidos pol\u00edticos no emitieron posicionamientos durante el arranque del foro. <\/p>\n\n\n\n<p>El primer tema a debatir ser\u00e1 la Integraci\u00f3n de ayuntamientos municipales y alcald\u00edas de la Ciudad de M\u00e9xico,\u00a0en donde participar\u00e1n Carolina del \u00c1ngel Cruz, consejera del Instituto Electoral de la Ciudad de M\u00e9xico; Jaime Miguel Casta\u00f1eda Salas, Juan Carlos Silva Adaya y Carmen Medel Palma, presidenta de Minatitl\u00e1n. <\/p>\n\n\n\n<p>Fuente: <a href=\"https:\/\/www.milenio.com\/politica\/reforma-electoral-inicia-parlamento-abierto-camara-diputados\">Milenio<\/a><\/p>\n","protected":false},"excerpt":{"rendered":"<p>La C\u00e1mara de Diputados inici\u00f3 el parlamento abierto para debatir las iniciativas de reforma electoral, incluida la que envi\u00f3 el presidente Andr\u00e9s Manuel L\u00f3pez Obrador, en donde el presidente de la Junta de Coordinaci\u00f3n Pol\u00edtica, Rub\u00e9n Moreira, destac\u00f3 que pese a las diferencias se logr\u00f3 el acuerdo de escuchar a todas las posturas y pidi\u00f3 [&hellip;]<\/p>\n","protected":false},"author":8,"featured_media":66858,"comment_status":"open","ping_status":"open","sticky":false,"template":"","format":"standard","meta":{"_monsterinsights_skip_tracking":false,"_monsterinsights_sitenote_active":false,"_monsterinsights_sitenote_note":"","_monsterinsights_sitenote_category":0,"footnotes":""},"categories":[158],"tags":[9175,4409,4077],"class_list":["post-66857","post","type-post","status-publish","format-standard","has-post-thumbnail","hentry","category-politica","tag-parlamento-abierto","tag-reforma-electoral","tag-san-lazaro","wp-image-borders"],"amp_enabled":true,"_links":{"self":[{"href":"https:\/\/nvnoticias.mx\/index.php\/wp-json\/wp\/v2\/posts\/66857","targetHints":{"allow":["GET"]}}],"collection":[{"href":"https:\/\/nvnoticias.mx\/index.php\/wp-json\/wp\/v2\/posts"}],"about":[{"href":"https:\/\/nvnoticias.mx\/index.php\/wp-json\/wp\/v2\/types\/post"}],"author":[{"embeddable":true,"href":"https:\/\/nvnoticias.mx\/index.php\/wp-json\/wp\/v2\/users\/8"}],"replies":[{"embeddable":true,"href":"https:\/\/nvnoticias.mx\/index.php\/wp-json\/wp\/v2\/comments?post=66857"}],"version-history":[{"count":1,"href":"https:\/\/nvnoticias.mx\/index.php\/wp-json\/wp\/v2\/posts\/66857\/revisions"}],"predecessor-version":[{"id":66859,"href":"https:\/\/nvnoticias.mx\/index.php\/wp-json\/wp\/v2\/posts\/66857\/revisions\/66859"}],"wp:featuredmedia":[{"embeddable":true,"href":"https:\/\/nvnoticias.mx\/index.php\/wp-json\/wp\/v2\/media\/66858"}],"wp:attachment":[{"href":"https:\/\/nvnoticias.mx\/index.php\/wp-json\/wp\/v2\/media?parent=66857"}],"wp:term":[{"taxonomy":"category","embeddable":true,"href":"https:\/\/nvnoticias.mx\/index.php\/wp-json\/wp\/v2\/categories?post=66857"},{"taxonomy":"post_tag","embeddable":true,"href":"https:\/\/nvnoticias.mx\/index.php\/wp-json\/wp\/v2\/tags?post=66857"}],"curies":[{"name":"wp","href":"https:\/\/api.w.org\/{rel}","templated":true}]}}