{"id":66840,"date":"2022-07-26T13:20:36","date_gmt":"2022-07-26T18:20:36","guid":{"rendered":"https:\/\/nvnoticias.mx\/?p=66840"},"modified":"2022-07-26T13:20:36","modified_gmt":"2022-07-26T18:20:36","slug":"cocaina-colombiana-decomisada-en-tepito-valdria-400-millones-de-pesos-garcia-harfuch","status":"publish","type":"post","link":"https:\/\/nvnoticias.mx\/index.php\/2022\/07\/26\/cocaina-colombiana-decomisada-en-tepito-valdria-400-millones-de-pesos-garcia-harfuch\/","title":{"rendered":"Coca\u00edna colombiana decomisada en Tepito valdr\u00eda 400 millones de pesos: Garc\u00eda Harfuch"},"content":{"rendered":"\n<p>La Secretar\u00eda de&nbsp;<strong>Seguridad Ciudadana de la Ciudad de M\u00e9xico&nbsp;<\/strong>realiz\u00f3 el aseguramiento de una tonelada de coca\u00edna que era transportada en los compartimientos ocultos de un par de tractocamiones.<\/p>\n\n\n\n<p>Al respecto,\u00a0<strong>Omar Garc\u00eda Harfuch\u00a0<\/strong>dio\u00a0una conferencia.<\/p>\n\n\n\n<p>Hasta el momento se conoce que los elementos de la polic\u00eda local,\u00a0en coordinaci\u00f3n con personal de la Fiscal\u00eda General de Justicia (<strong>FGJ<\/strong>) de la\u00a0<strong>Ciudad de M\u00e9xico<\/strong>, aseguraron hallaron alrededor de una tonelada de aparente coca\u00edna.\u00a0Esta droga ser\u00eda tambi\u00e9n llevada al\u00a0Estado de M\u00e9xico y\u00a0el resto, ten\u00eda como destino la costa oeste de los Estados Unidos.\u00a0<\/p>\n\n\n\n<p>En esta acci\u00f3n fueron detenidos cuatro hombres y un veh\u00edculo particular que estar\u00edan involucrados en estos hechos.\u00a0De acuerdo con los primeros reportes, la droga es proveniente de\u00a0<strong>Colombia<\/strong>, posteriormente v\u00eda mar\u00edtima llega a las costas de\u00a0<strong>Oaxaca<\/strong>\u00a0y, v\u00eda terrestre, la transportan a la\u00a0<strong>Ciudad<\/strong>\u00a0<strong>de M\u00e9xico<\/strong>, para su distribuci\u00f3n en el\u00a0<strong>Barrio<\/strong>\u00a0<strong>de<\/strong>\u00a0<strong>Tepito.\u00a0<\/strong><\/p>\n\n\n\n<p>Asegur\u00f3 que el operativo se realiz\u00f3 en el&nbsp;<strong>Circuito Exterior Mexiquense<\/strong>, a la altura de la avenida R\u00edo de los Remedios, en la&nbsp;<strong>Gustavo A. Madero<\/strong>, muy cerca del Estado de M\u00e9xico.&nbsp;<\/p>\n\n\n\n<p>&#8220;Se hablar\u00eda del mayor aseguramiento\u00a0de coca\u00edna&#8221;, dijo.<\/p>\n\n\n\n<p>Las autoridades locales lograron detener a&nbsp;<strong>cuatro<\/strong>&nbsp;<strong>hombres<\/strong>&nbsp;relacionados con esta actividad. Las primeras averiguaciones determinaron que vienen del estado de&nbsp;<strong>Durango<\/strong>.<\/p>\n\n\n\n<p>Tres de ellos tienen antecedentes penales. Los narc\u00f3ticos fueron puestos a disposici\u00f3n del&nbsp;<strong>Ministerio<\/strong>&nbsp;<strong>P\u00fablico<\/strong>, el cual determinar\u00e1 su situaci\u00f3n jur\u00eddica. En el operativo trabajaron m\u00e1s de 80 elementos de la Secretar\u00eda de Seguridad Ciudadana.<\/p>\n\n\n\n<blockquote class=\"wp-block-quote is-layout-flow wp-block-quote-is-layout-flow\"><p>&#8220;La lucha en contra de las drogas es una lucha en contra de la violencia&#8221;, dijo.&nbsp;<\/p><\/blockquote>\n\n\n\n<p><strong>Garc\u00eda Harfuch<\/strong>&nbsp;indic\u00f3 que este grupo delictivo operaba en el centro de la&nbsp;<strong>capital<\/strong>,&nbsp;<strong>Durango<\/strong>&nbsp;y&nbsp;<strong>Sinaloa<\/strong>, aunque no se ha definido el nombre de esta organizaci\u00f3n criminal.&nbsp;<\/p>\n\n\n\n<p>Agreg\u00f3 que los criminales sol\u00edan operar por esta zona, pero tambi\u00e9n hay algunos que realizan el&nbsp;<strong>tr\u00e1fico<\/strong>&nbsp;a trav\u00e9s de la&nbsp;<strong>autopista<\/strong>&nbsp;de&nbsp;<strong>El Sol<\/strong>&nbsp;u&nbsp;otros puntos.&nbsp;<\/p>\n\n\n\n<blockquote class=\"wp-block-quote is-layout-flow wp-block-quote-is-layout-flow\"><p>&#8220;Esta droga tiene un precio much\u00edsimo mayor cuando es en narcomenudeo&#8221;, dijo.&nbsp;<\/p><\/blockquote>\n\n\n\n<p>Asegur\u00f3 que hace semanas se lleg\u00f3 a conocer del movimiento de estos&nbsp;<strong>presuntos<\/strong>&nbsp;<strong>criminales<\/strong>&nbsp;por lo que se despleg\u00f3 el operativo para detenerlos.&nbsp;<\/p>\n\n\n\n<p>Adem\u00e1s, el secretario hizo la estimaci\u00f3n de que estos narc\u00f3ticos tendr\u00edan un valor de al menos 400 millones de pesos, pero podr\u00eda alcanzar el doble cuando llegara a\u00a0<strong>Los \u00c1ngeles<\/strong>, en los\u00a0<strong>Estados Unidos<\/strong>.\u00a0<\/p>\n\n\n\n<p>Fuente: <a href=\"https:\/\/heraldodemexico.com.mx\/nacional\/2022\/7\/26\/garcia-harfuch-cocaina-colombiana-decomisada-en-tepito-valdria-400-millones-de-pesos-425167.html\" data-type=\"URL\" data-id=\"https:\/\/heraldodemexico.com.mx\/nacional\/2022\/7\/26\/garcia-harfuch-cocaina-colombiana-decomisada-en-tepito-valdria-400-millones-de-pesos-425167.html\">El Heraldo de M\u00e9xico<\/a><\/p>\n","protected":false},"excerpt":{"rendered":"<p>La Secretar\u00eda de&nbsp;Seguridad Ciudadana de la Ciudad de M\u00e9xico&nbsp;realiz\u00f3 el aseguramiento de una tonelada de coca\u00edna que era transportada en los compartimientos ocultos de un par de tractocamiones. Al respecto,\u00a0Omar Garc\u00eda Harfuch\u00a0dio\u00a0una conferencia. Hasta el momento se conoce que los elementos de la polic\u00eda local,\u00a0en coordinaci\u00f3n con personal de la Fiscal\u00eda General de Justicia (FGJ) [&hellip;]<\/p>\n","protected":false},"author":35,"featured_media":66841,"comment_status":"open","ping_status":"open","sticky":false,"template":"","format":"standard","meta":{"_monsterinsights_skip_tracking":false,"_monsterinsights_sitenote_active":false,"_monsterinsights_sitenote_note":"","_monsterinsights_sitenote_category":0,"footnotes":""},"categories":[157],"tags":[1202,4952,17646,7221,17647],"class_list":["post-66840","post","type-post","status-publish","format-standard","has-post-thumbnail","hentry","category-nacional","tag-cocaina","tag-colombiana","tag-decomisada","tag-garcia-harfuch","tag-tepito","wp-image-borders"],"amp_enabled":true,"_links":{"self":[{"href":"https:\/\/nvnoticias.mx\/index.php\/wp-json\/wp\/v2\/posts\/66840","targetHints":{"allow":["GET"]}}],"collection":[{"href":"https:\/\/nvnoticias.mx\/index.php\/wp-json\/wp\/v2\/posts"}],"about":[{"href":"https:\/\/nvnoticias.mx\/index.php\/wp-json\/wp\/v2\/types\/post"}],"author":[{"embeddable":true,"href":"https:\/\/nvnoticias.mx\/index.php\/wp-json\/wp\/v2\/users\/35"}],"replies":[{"embeddable":true,"href":"https:\/\/nvnoticias.mx\/index.php\/wp-json\/wp\/v2\/comments?post=66840"}],"version-history":[{"count":1,"href":"https:\/\/nvnoticias.mx\/index.php\/wp-json\/wp\/v2\/posts\/66840\/revisions"}],"predecessor-version":[{"id":66843,"href":"https:\/\/nvnoticias.mx\/index.php\/wp-json\/wp\/v2\/posts\/66840\/revisions\/66843"}],"wp:featuredmedia":[{"embeddable":true,"href":"https:\/\/nvnoticias.mx\/index.php\/wp-json\/wp\/v2\/media\/66841"}],"wp:attachment":[{"href":"https:\/\/nvnoticias.mx\/index.php\/wp-json\/wp\/v2\/media?parent=66840"}],"wp:term":[{"taxonomy":"category","embeddable":true,"href":"https:\/\/nvnoticias.mx\/index.php\/wp-json\/wp\/v2\/categories?post=66840"},{"taxonomy":"post_tag","embeddable":true,"href":"https:\/\/nvnoticias.mx\/index.php\/wp-json\/wp\/v2\/tags?post=66840"}],"curies":[{"name":"wp","href":"https:\/\/api.w.org\/{rel}","templated":true}]}}