{"id":66765,"date":"2022-07-26T09:24:42","date_gmt":"2022-07-26T14:24:42","guid":{"rendered":"https:\/\/nvnoticias.mx\/?p=66765"},"modified":"2022-07-26T09:24:44","modified_gmt":"2022-07-26T14:24:44","slug":"no-se-espera-que-viruela-del-mono-se-propague-extensamente-lopez-gatell","status":"publish","type":"post","link":"https:\/\/nvnoticias.mx\/index.php\/2022\/07\/26\/no-se-espera-que-viruela-del-mono-se-propague-extensamente-lopez-gatell\/","title":{"rendered":"No se espera que viruela del mono se propague extensamente: L\u00f3pez-Gatell"},"content":{"rendered":"\n<p>La\u00a0viruela del mono\u00a0no se espera que se propague\u00a0extensamente en M\u00e9xico, asegur\u00f3 Hugo L\u00f3pez-Gatell, subsecretario de Prevenci\u00f3n y Promoci\u00f3n de la Salud, quien inform\u00f3 que hasta el momento hay 60 casos en el pa\u00eds.<\/p>\n\n\n\n<p>En\u00a0conferencia de prensa del presidente Andr\u00e9s Manuel L\u00f3pez Obrador, el funcionario coment\u00f3 que este tipo de\u00a0viruela es de baja letalidad y aclar\u00f3 que dicha enfermedad no se propagar\u00e1 como el covid-19, puesto que afecta en su mayor\u00eda a personas con\u00a0<strong>inmunosupresi\u00f3n grave<\/strong>.<\/p>\n\n\n\n<blockquote class=\"wp-block-quote is-layout-flow wp-block-quote-is-layout-flow\"><p>&#8220;\u00c9sta no se va a comportar como covid-19, no es de propagaci\u00f3n universal o extensa, se presenta en peque\u00f1as en ciertas poblaciones claves y el contagio es por contacto con la piel de las personas cuando est\u00e1n en la fase activa. Es una enfermedad que se autolimita, (\u2026) causa poco da\u00f1o, excepto en personas con inmunosupresi\u00f3n grave\u201d, se\u00f1al\u00f3.<\/p><\/blockquote>\n\n\n\n<p>En la Ciudad de M\u00e9xico se han identificado 31 casos de viruela del mono, de los cuales 10 pacientes ya fueron dados de alta y ninguno ha necesitado hospitalizaci\u00f3n, inform\u00f3 ayer la secretaria de Salud capitalina, Oliva L\u00f3pez.&nbsp;<\/p>\n\n\n\n<p>La funcionaria explic\u00f3 que las autoridades de la capital cuentan con un &#8220;protocolo, la capacitaci\u00f3n, tambi\u00e9n el seguimiento estandarizado&#8221; de los casos, adem\u00e1s de que se mantienen a la espera de si el gobierno federal determina vacunar a un grupo espec\u00edfico.&nbsp;<\/p>\n\n\n\n<blockquote class=\"wp-block-quote is-layout-flow wp-block-quote-is-layout-flow\"><p>&#8220;Desde que se identific\u00f3 el primer caso, que lo identificamos en la Ciudad de M\u00e9xico en la Cl\u00ednica Condesa, se ha monitoreado, se da seguimiento a los contactos, en este momento tenemos en Ciudad de M\u00e9xico 31 casos confirmados, se confirma en el InDRE.&nbsp;<\/p><\/blockquote>\n\n\n\n<blockquote class=\"wp-block-quote is-layout-flow wp-block-quote-is-layout-flow\"><p>&#8220;Estamos participando con el gobierno de M\u00e9xico, atentos a los lineamientos que estamos ciertos que estamos ciertos ser\u00e1n ya publicados porque se ha estado participando en la discusi\u00f3n de estos lineamientos y tambi\u00e9n en espera si el gobierno de M\u00e9xico define la vacunaci\u00f3n de un grupo espec\u00edfico&#8221;, dijo en conferencia de prensa.&nbsp;<\/p><\/blockquote>\n\n\n\n<p>Fuente: <a href=\"https:\/\/www.milenio.com\/politica\/viruela-mono-mexico-espera-propague-ssa\" data-type=\"URL\" data-id=\"https:\/\/www.milenio.com\/politica\/viruela-mono-mexico-espera-propague-ssa\">Milenio<\/a> <\/p>\n","protected":false},"excerpt":{"rendered":"<p>La\u00a0viruela del mono\u00a0no se espera que se propague\u00a0extensamente en M\u00e9xico, asegur\u00f3 Hugo L\u00f3pez-Gatell, subsecretario de Prevenci\u00f3n y Promoci\u00f3n de la Salud, quien inform\u00f3 que hasta el momento hay 60 casos en el pa\u00eds. En\u00a0conferencia de prensa del presidente Andr\u00e9s Manuel L\u00f3pez Obrador, el funcionario coment\u00f3 que este tipo de\u00a0viruela es de baja letalidad y aclar\u00f3 [&hellip;]<\/p>\n","protected":false},"author":35,"featured_media":63552,"comment_status":"open","ping_status":"open","sticky":false,"template":"","format":"standard","meta":{"_monsterinsights_skip_tracking":false,"_monsterinsights_sitenote_active":false,"_monsterinsights_sitenote_note":"","_monsterinsights_sitenote_category":0,"footnotes":""},"categories":[157],"tags":[17636,1010,162,17635,14982],"class_list":["post-66765","post","type-post","status-publish","format-standard","has-post-thumbnail","hentry","category-nacional","tag-extensamente","tag-hugo-lopez-gatell","tag-portada","tag-propague","tag-viruela-del-mono","wp-image-borders"],"amp_enabled":true,"_links":{"self":[{"href":"https:\/\/nvnoticias.mx\/index.php\/wp-json\/wp\/v2\/posts\/66765","targetHints":{"allow":["GET"]}}],"collection":[{"href":"https:\/\/nvnoticias.mx\/index.php\/wp-json\/wp\/v2\/posts"}],"about":[{"href":"https:\/\/nvnoticias.mx\/index.php\/wp-json\/wp\/v2\/types\/post"}],"author":[{"embeddable":true,"href":"https:\/\/nvnoticias.mx\/index.php\/wp-json\/wp\/v2\/users\/35"}],"replies":[{"embeddable":true,"href":"https:\/\/nvnoticias.mx\/index.php\/wp-json\/wp\/v2\/comments?post=66765"}],"version-history":[{"count":5,"href":"https:\/\/nvnoticias.mx\/index.php\/wp-json\/wp\/v2\/posts\/66765\/revisions"}],"predecessor-version":[{"id":66770,"href":"https:\/\/nvnoticias.mx\/index.php\/wp-json\/wp\/v2\/posts\/66765\/revisions\/66770"}],"wp:featuredmedia":[{"embeddable":true,"href":"https:\/\/nvnoticias.mx\/index.php\/wp-json\/wp\/v2\/media\/63552"}],"wp:attachment":[{"href":"https:\/\/nvnoticias.mx\/index.php\/wp-json\/wp\/v2\/media?parent=66765"}],"wp:term":[{"taxonomy":"category","embeddable":true,"href":"https:\/\/nvnoticias.mx\/index.php\/wp-json\/wp\/v2\/categories?post=66765"},{"taxonomy":"post_tag","embeddable":true,"href":"https:\/\/nvnoticias.mx\/index.php\/wp-json\/wp\/v2\/tags?post=66765"}],"curies":[{"name":"wp","href":"https:\/\/api.w.org\/{rel}","templated":true}]}}