{"id":6673,"date":"2021-03-05T10:45:39","date_gmt":"2021-03-05T16:45:39","guid":{"rendered":"https:\/\/nvnoticias.mx\/?p=6673"},"modified":"2021-03-05T10:46:40","modified_gmt":"2021-03-05T16:46:40","slug":"entregara-vehiculos-para-traslado-personas-discapacidad","status":"publish","type":"post","link":"https:\/\/nvnoticias.mx\/index.php\/2021\/03\/05\/entregara-vehiculos-para-traslado-personas-discapacidad\/","title":{"rendered":"DIF Estatal entregar\u00e1 veh\u00edculos para traslado de personas con discapacidad"},"content":{"rendered":"\n<p><strong>Jes\u00fas Utrilla \/ NV Noticias<\/strong><\/p>\n\n\n\n<p>Veracruz.-\u00a0EL DIF Estatal de Veracruz entregar\u00e1 veh\u00edculos adaptados para el traslado de personas con alguna discapacidad f\u00edsica a los centros de rehabilitaci\u00f3n; se trata de 20 camionetas tipo van y cinco autobuses nuevos adquiridos bajo licitaci\u00f3n y con un ahorro de 1.5 millones de pesos en total, de su costo en el mercado <strong>para beneficio de m\u00e1s de 100 mil veracruzanos de los 25 municipios del programa.<\/strong><\/p>\n\n\n\n<p>De acuerdo a la Licitaci\u00f3n P\u00fablica Nacional LPN-103C80801-001-2020, las camionetas Manager Furgon fueron adquiridas en 830, 000.00 m\u00e1s IVA por unidad y los autobuses Internacional Modelo 4700 en 2, 255.000 m\u00e1s IVA, cumplen con todas las especificaciones t\u00e9cnicas, legales, de transparencia y econ\u00f3micas, para el confort de los pasajeros y ser\u00e1n entregados la pr\u00f3xima semana.<\/p>\n\n\n\n<p>La directora del DIF Estatal, Rebeca Quintanar Barcel\u00f3, inform\u00f3 que de acuerdo a las pol\u00edticas de austeridad, se tom\u00f3 el mejor precio y se alcanz\u00f3 un ahorro de un mill\u00f3n 514 mil 896. 74 pesos en virtud de que el equipamiento de las unidades tiene un costo adicional.<\/p>\n\n\n\n<p>Se adaptaron desde rampas especiales, elevadores, estribos, pasamos, se\u00f1alamientos Braille, cinturones de seguridad, espacios para las sillas de ruedas, sujetadores, iluminaci\u00f3n, piso antiderrapante, agarraderas tipo changueras y todas las medidas de seguridad para los pasajeros.<\/p>\n\n\n\n<p>En este programa de transporte especializado de los municipios hacia los centros de rehabilitaci\u00f3n, se cumplen con la pol\u00edtica de eficiencia y austeridad del Gobierno de Veracruz que encabeza, el ingeniero Cuitl\u00e1huac Garc\u00eda Jim\u00e9nez.<\/p>\n\n\n\n<p>Con esta adquisici\u00f3n ser\u00e1n beneficiados pacientes de los municipios de Alto Lucero, Atzalan, Coatepec, Coscomatepec, Guti\u00e9rrez Zamora, Huatusco, Isla, Las Choapas, Mart\u00ednez de la Torre, Misantla, Pajapan, Playa Vicente, Paso de Ovejas, Perote, Sayula, Tlapacoyan, Tecolutla, Tierra Blanca, Tomatl\u00e1n, Zongolica, Emiliano Zapata, P\u00e1nuco, Poza Rica, Tuxpan y Xalapa.<\/p>\n","protected":false},"excerpt":{"rendered":"<p>Jes\u00fas Utrilla \/ NV Noticias Veracruz.-\u00a0EL DIF Estatal de Veracruz entregar\u00e1 veh\u00edculos adaptados para el traslado de personas con alguna discapacidad f\u00edsica a los centros de rehabilitaci\u00f3n; se trata de 20 camionetas tipo van y cinco autobuses nuevos adquiridos bajo licitaci\u00f3n y con un ahorro de 1.5 millones de pesos en total, de su costo [&hellip;]<\/p>\n","protected":false},"author":6,"featured_media":6674,"comment_status":"open","ping_status":"open","sticky":false,"template":"","format":"standard","meta":{"_monsterinsights_skip_tracking":false,"_monsterinsights_sitenote_active":false,"_monsterinsights_sitenote_note":"","_monsterinsights_sitenote_category":0,"footnotes":""},"categories":[154],"tags":[1747,1068],"class_list":["post-6673","post","type-post","status-publish","format-standard","has-post-thumbnail","hentry","category-veracruz","tag-dif-estatal","tag-discapacidad","wp-image-borders"],"amp_enabled":true,"_links":{"self":[{"href":"https:\/\/nvnoticias.mx\/index.php\/wp-json\/wp\/v2\/posts\/6673","targetHints":{"allow":["GET"]}}],"collection":[{"href":"https:\/\/nvnoticias.mx\/index.php\/wp-json\/wp\/v2\/posts"}],"about":[{"href":"https:\/\/nvnoticias.mx\/index.php\/wp-json\/wp\/v2\/types\/post"}],"author":[{"embeddable":true,"href":"https:\/\/nvnoticias.mx\/index.php\/wp-json\/wp\/v2\/users\/6"}],"replies":[{"embeddable":true,"href":"https:\/\/nvnoticias.mx\/index.php\/wp-json\/wp\/v2\/comments?post=6673"}],"version-history":[{"count":1,"href":"https:\/\/nvnoticias.mx\/index.php\/wp-json\/wp\/v2\/posts\/6673\/revisions"}],"predecessor-version":[{"id":6675,"href":"https:\/\/nvnoticias.mx\/index.php\/wp-json\/wp\/v2\/posts\/6673\/revisions\/6675"}],"wp:featuredmedia":[{"embeddable":true,"href":"https:\/\/nvnoticias.mx\/index.php\/wp-json\/wp\/v2\/media\/6674"}],"wp:attachment":[{"href":"https:\/\/nvnoticias.mx\/index.php\/wp-json\/wp\/v2\/media?parent=6673"}],"wp:term":[{"taxonomy":"category","embeddable":true,"href":"https:\/\/nvnoticias.mx\/index.php\/wp-json\/wp\/v2\/categories?post=6673"},{"taxonomy":"post_tag","embeddable":true,"href":"https:\/\/nvnoticias.mx\/index.php\/wp-json\/wp\/v2\/tags?post=6673"}],"curies":[{"name":"wp","href":"https:\/\/api.w.org\/{rel}","templated":true}]}}