{"id":66727,"date":"2022-07-25T18:22:33","date_gmt":"2022-07-25T23:22:33","guid":{"rendered":"https:\/\/nvnoticias.mx\/?p=66727"},"modified":"2022-07-25T18:22:35","modified_gmt":"2022-07-25T23:22:35","slug":"nina-superdotada-de-10-anos-estudiara-medicina-en-estados-unidos","status":"publish","type":"post","link":"https:\/\/nvnoticias.mx\/index.php\/2022\/07\/25\/nina-superdotada-de-10-anos-estudiara-medicina-en-estados-unidos\/","title":{"rendered":"Ni\u00f1a superdotada de 10 a\u00f1os estudiar\u00e1 Medicina en Estados Unidos"},"content":{"rendered":"\n<p>Michelle Arellano\u00a0es una ni\u00f1a genio. Luego de ser evaluada por especialistas, se encontr\u00f3 que tiene un coeficiente intelectual de 158.<\/p>\n\n\n\n<blockquote class=\"wp-block-quote is-layout-flow wp-block-quote-is-layout-flow\"><p>\u201c<em>Cuando ella empieza el nivel preescolar, s\u00ed notamos diferencia era una ni\u00f1a que se aislaba un poco, dec\u00eda que los ni\u00f1os de su sal\u00f3n eran beb\u00e9s, siendo que ten\u00edan la misma edad<\/em>\u201d, explica su m\u00e1ma, Karina Guill\u00e9n.<\/p><\/blockquote>\n\n\n\n<p>Su nombre es\u00a0Michelle Arellano Guill\u00e9n, tiene\u00a010 a\u00f1os, es originaria de Tuxtla Guti\u00e9rrez,\u00a0Chiapas, y quiere ser m\u00e9dico.<\/p>\n\n\n\n<p>Ya aprob\u00f3 la primaria, la secundaria y recientemente la prueba de ceneval para certificar su preparatoria.<\/p>\n\n\n\n<p>Ahora est\u00e1 por entrar a la universidad y estudiar\u00a0Medicina: \u201cMuy orgullosa y muy emocionada por ver que me espera en la universidad\u201d, asegura Michelle Arellano.<\/p>\n\n\n\n<p>La peque\u00f1a empezar\u00e1 sus estudios en Estados Unidos. Los dos primeros a\u00f1os los estudiar\u00e1 de modo virtual en su natal M\u00e9xico. Posteriormente, seguir\u00e1 de forma presencial en el pa\u00eds norteamericano.<\/p>\n\n\n\n<h4 class=\"wp-block-heading\">Michelle destaca tambi\u00e9n en los deportes<\/h4>\n\n\n\n<p>Las primeras se\u00f1ales las dio desde el a\u00f1o y medio de edad cuando ya hablaba, no s\u00f3lo espa\u00f1ol, sino tambi\u00e9n ingl\u00e9s. Ahora domina el franc\u00e9s, italiano y alem\u00e1n.<\/p>\n\n\n\n<p>Michelle\u00a0tambi\u00e9n es artista, dibuja y pinta, toca el piano.<\/p>\n\n\n\n<p>Es deportista: ha sido medallista en nataci\u00f3n, basquetbol, es cinta negra en tae kwondo, entre otras disciplinas.<\/p>\n\n\n\n<p>Y a su corta edad, ella quiere seguir aprendiendo.<\/p>\n\n\n\n<blockquote class=\"wp-block-quote is-layout-flow wp-block-quote-is-layout-flow\"><p><em>\u201cElla est\u00e1 feliz de poder estar en un espacio en donde sienta que va adquirir muchos conocimientos en relaci\u00f3n a lo que a ella le gusta, pero s\u00ed es una cosa que nos sentimos emocionados, nerviosos, as\u00ed estamos toda la famili<\/em>a\u201d, asegura se mam\u00e1.<\/p><\/blockquote>\n\n\n\n<p>Michelle Arellano\u00a0quiere que todos los ni\u00f1os tengan oportunidades de aprendizaje y sabe que s\u00f3lo poniendo empe\u00f1o se logra y les env\u00eda un mensaje: \u201cQue estudien mucho ya los que son como yo pues que les digan a sus pap\u00e1s que se sienten diferentes a los dem\u00e1s ni\u00f1os para que los puedan ayudar\u201d.<\/p>\n\n\n\n<p>Fuente: <a href=\"https:\/\/www.tvazteca.com\/aztecanoticias\/michelle-arellano-medicina-vcp\">Azteca Noticias<\/a><\/p>\n","protected":false},"excerpt":{"rendered":"<p>Michelle Arellano\u00a0es una ni\u00f1a genio. Luego de ser evaluada por especialistas, se encontr\u00f3 que tiene un coeficiente intelectual de 158. \u201cCuando ella empieza el nivel preescolar, s\u00ed notamos diferencia era una ni\u00f1a que se aislaba un poco, dec\u00eda que los ni\u00f1os de su sal\u00f3n eran beb\u00e9s, siendo que ten\u00edan la misma edad\u201d, explica su m\u00e1ma, [&hellip;]<\/p>\n","protected":false},"author":8,"featured_media":66728,"comment_status":"open","ping_status":"open","sticky":false,"template":"","format":"standard","meta":{"_monsterinsights_skip_tracking":false,"_monsterinsights_sitenote_active":false,"_monsterinsights_sitenote_note":"","_monsterinsights_sitenote_category":0,"footnotes":""},"categories":[157],"tags":[183,10123,3748,17629],"class_list":["post-66727","post","type-post","status-publish","format-standard","has-post-thumbnail","hentry","category-nacional","tag-estados-unidos","tag-medicina","tag-nina","tag-superdotada","wp-image-borders"],"amp_enabled":true,"_links":{"self":[{"href":"https:\/\/nvnoticias.mx\/index.php\/wp-json\/wp\/v2\/posts\/66727","targetHints":{"allow":["GET"]}}],"collection":[{"href":"https:\/\/nvnoticias.mx\/index.php\/wp-json\/wp\/v2\/posts"}],"about":[{"href":"https:\/\/nvnoticias.mx\/index.php\/wp-json\/wp\/v2\/types\/post"}],"author":[{"embeddable":true,"href":"https:\/\/nvnoticias.mx\/index.php\/wp-json\/wp\/v2\/users\/8"}],"replies":[{"embeddable":true,"href":"https:\/\/nvnoticias.mx\/index.php\/wp-json\/wp\/v2\/comments?post=66727"}],"version-history":[{"count":1,"href":"https:\/\/nvnoticias.mx\/index.php\/wp-json\/wp\/v2\/posts\/66727\/revisions"}],"predecessor-version":[{"id":66729,"href":"https:\/\/nvnoticias.mx\/index.php\/wp-json\/wp\/v2\/posts\/66727\/revisions\/66729"}],"wp:featuredmedia":[{"embeddable":true,"href":"https:\/\/nvnoticias.mx\/index.php\/wp-json\/wp\/v2\/media\/66728"}],"wp:attachment":[{"href":"https:\/\/nvnoticias.mx\/index.php\/wp-json\/wp\/v2\/media?parent=66727"}],"wp:term":[{"taxonomy":"category","embeddable":true,"href":"https:\/\/nvnoticias.mx\/index.php\/wp-json\/wp\/v2\/categories?post=66727"},{"taxonomy":"post_tag","embeddable":true,"href":"https:\/\/nvnoticias.mx\/index.php\/wp-json\/wp\/v2\/tags?post=66727"}],"curies":[{"name":"wp","href":"https:\/\/api.w.org\/{rel}","templated":true}]}}