{"id":66705,"date":"2022-07-25T15:09:52","date_gmt":"2022-07-25T20:09:52","guid":{"rendered":"https:\/\/nvnoticias.mx\/?p=66705"},"modified":"2022-07-25T15:09:53","modified_gmt":"2022-07-25T20:09:53","slug":"me-entere-por-redes-sociales-de-consultas-que-piden-eu-y-canada-sobre-el-t-mec-amlo","status":"publish","type":"post","link":"https:\/\/nvnoticias.mx\/index.php\/2022\/07\/25\/me-entere-por-redes-sociales-de-consultas-que-piden-eu-y-canada-sobre-el-t-mec-amlo\/","title":{"rendered":"Me enter\u00e9 por redes sociales de consultas que piden EU y Canad\u00e1 sobre el T-MEC: AMLO"},"content":{"rendered":"\n<p>El presidente\u00a0<strong>Andr\u00e9s Manuel L\u00f3pez Obrador\u00a0<\/strong>revel\u00f3 este lunes que se enter\u00f3 por redes sociales que\u00a0<strong>Estados Unidos\u00a0<\/strong>y\u00a0<strong>Canad\u00e1\u00a0<\/strong>solicitar\u00edan una consulta en materia energ\u00e9tica del gobierno mexicano por presuntas violaciones del\u00a0<strong>T-MEC.<\/strong><\/p>\n\n\n\n<p>En su conferencia ma\u00f1anera de este lunes en Palacio Nacional, L\u00f3pez Obrador se\u00f1al\u00f3 que opositores a su gobierno, algunos internacionalistas y exembajadores, comenzaron a sacar mensajes en Twitter sobre el tema, por este motivo, agreg\u00f3, a trav\u00e9s de canales oficiales su gobierno solicit\u00f3 la informaci\u00f3n al\u00a0<strong>Departamento de Estado<\/strong>.<\/p>\n\n\n\n<blockquote class=\"wp-block-quote is-layout-flow wp-block-quote-is-layout-flow\"><p>\u201cNo s\u00e9 qui\u00e9n est\u00e1 promoviendo esto, s\u00ed est\u00e1n participando mexicanos,\u00a0<strong>internacionalistas<\/strong>, el que fue embajador de M\u00e9xico cuando Calder\u00f3n, (Arturo)\u00a0<strong>Sarukh\u00e1n\u00a0<\/strong>y otros, pues con ellos me enter\u00e9, eso es lo que le mand\u00e9 decir al Departamento de Estado porque si hab\u00eda alguna diferencia, como dicen los diplom\u00e1ticos, pues por los canales correspondientes\u201d, coment\u00f3 el presidente L\u00f3pez Obrador .<\/p><\/blockquote>\n\n\n\n<blockquote class=\"wp-block-quote is-layout-flow wp-block-quote-is-layout-flow\"><p>\u201cPero \u00e9l empez\u00f3 a dar a darlo a conocer en su Twitter, tiene casi casi un golpazo y frot\u00e1ndose las manos y como uno ya sabe vi otro y que son del mismo grupo y todos ya tra\u00edan la informaci\u00f3n antes que nosotros porque ellos tienen relaci\u00f3n con el Departamento de Estado, pero pues vamos a defender el punto\u201d, manifest\u00f3.<\/p><\/blockquote>\n\n\n\n<p>Fuente: <a href=\"https:\/\/www.eluniversal.com.mx\/nacion\/amlo-me-entere-por-redes-sociales-de-consultas-que-piden-eu-y-canada-sobre-el-t-mec\" data-type=\"URL\" data-id=\"https:\/\/www.eluniversal.com.mx\/nacion\/amlo-me-entere-por-redes-sociales-de-consultas-que-piden-eu-y-canada-sobre-el-t-mec\">El Universal<\/a><\/p>\n","protected":false},"excerpt":{"rendered":"<p>El presidente\u00a0Andr\u00e9s Manuel L\u00f3pez Obrador\u00a0revel\u00f3 este lunes que se enter\u00f3 por redes sociales que\u00a0Estados Unidos\u00a0y\u00a0Canad\u00e1\u00a0solicitar\u00edan una consulta en materia energ\u00e9tica del gobierno mexicano por presuntas violaciones del\u00a0T-MEC. En su conferencia ma\u00f1anera de este lunes en Palacio Nacional, L\u00f3pez Obrador se\u00f1al\u00f3 que opositores a su gobierno, algunos internacionalistas y exembajadores, comenzaron a sacar mensajes en Twitter [&hellip;]<\/p>\n","protected":false},"author":35,"featured_media":64566,"comment_status":"open","ping_status":"open","sticky":false,"template":"","format":"standard","meta":{"_monsterinsights_skip_tracking":false,"_monsterinsights_sitenote_active":false,"_monsterinsights_sitenote_note":"","_monsterinsights_sitenote_category":0,"footnotes":""},"categories":[158],"tags":[188,887,183,3163],"class_list":["post-66705","post","type-post","status-publish","format-standard","has-post-thumbnail","hentry","category-politica","tag-amlo","tag-canada-2","tag-estados-unidos","tag-t-mec","wp-image-borders"],"amp_enabled":true,"_links":{"self":[{"href":"https:\/\/nvnoticias.mx\/index.php\/wp-json\/wp\/v2\/posts\/66705","targetHints":{"allow":["GET"]}}],"collection":[{"href":"https:\/\/nvnoticias.mx\/index.php\/wp-json\/wp\/v2\/posts"}],"about":[{"href":"https:\/\/nvnoticias.mx\/index.php\/wp-json\/wp\/v2\/types\/post"}],"author":[{"embeddable":true,"href":"https:\/\/nvnoticias.mx\/index.php\/wp-json\/wp\/v2\/users\/35"}],"replies":[{"embeddable":true,"href":"https:\/\/nvnoticias.mx\/index.php\/wp-json\/wp\/v2\/comments?post=66705"}],"version-history":[{"count":1,"href":"https:\/\/nvnoticias.mx\/index.php\/wp-json\/wp\/v2\/posts\/66705\/revisions"}],"predecessor-version":[{"id":66706,"href":"https:\/\/nvnoticias.mx\/index.php\/wp-json\/wp\/v2\/posts\/66705\/revisions\/66706"}],"wp:featuredmedia":[{"embeddable":true,"href":"https:\/\/nvnoticias.mx\/index.php\/wp-json\/wp\/v2\/media\/64566"}],"wp:attachment":[{"href":"https:\/\/nvnoticias.mx\/index.php\/wp-json\/wp\/v2\/media?parent=66705"}],"wp:term":[{"taxonomy":"category","embeddable":true,"href":"https:\/\/nvnoticias.mx\/index.php\/wp-json\/wp\/v2\/categories?post=66705"},{"taxonomy":"post_tag","embeddable":true,"href":"https:\/\/nvnoticias.mx\/index.php\/wp-json\/wp\/v2\/tags?post=66705"}],"curies":[{"name":"wp","href":"https:\/\/api.w.org\/{rel}","templated":true}]}}