{"id":66696,"date":"2022-07-25T14:57:36","date_gmt":"2022-07-25T19:57:36","guid":{"rendered":"https:\/\/nvnoticias.mx\/?p=66696"},"modified":"2022-07-25T14:57:37","modified_gmt":"2022-07-25T19:57:37","slug":"la-pobreza-franciscana","status":"publish","type":"post","link":"https:\/\/nvnoticias.mx\/index.php\/2022\/07\/25\/la-pobreza-franciscana\/","title":{"rendered":"La pobreza franciscana"},"content":{"rendered":"\n<p><strong>Ricardo Homs<\/strong><\/p>\n\n\n\n<p>El tema \u201cpobreza franciscana\u201d, -en la narrativa presidencial-, tiene mucho fondo. No es una simple puntada ret\u00f3rica. Mas bien responde a subterfugios ling\u00fc\u00edsticos que pretenden reeducar la percepci\u00f3n ciudadana, dando a la pobreza un valor aspiracional equivalente a un valor moral.<\/p>\n\n\n\n<p>Esta frase no s\u00f3lo pretende justificar la incapacidad gubernamental para impulsar una econom\u00eda sustentada en la productividad, sino que es la trampa para privilegiar la pobreza como un estado social ideal, -el mismo argumento que la oligarqu\u00eda europea medieval utilizaba para justificar la existencia de la pobreza-, pero aquella ofreciendo a cambio un lugar en el cielo, aprovechando par\u00e1bolas de la&nbsp;<strong>Biblia&nbsp;<\/strong>que estigmatizaban la riqueza.<\/p>\n\n\n\n<p>En contraste, -como narrativa de la<strong>&nbsp;4T-,<\/strong>&nbsp;la idealizaci\u00f3n de la pobreza se convierte en un inmovilizador social para frenar la aspiraci\u00f3n leg\u00edtima de todos los mexicanos de acceder a mejores niveles de calidad de vida, lo cual significa independencia econ\u00f3mica y libertad de pensamiento, as\u00ed como de afinidad pol\u00edtica.<\/p>\n\n\n\n<p>Si desapareciera la pobreza, la 4T perder\u00eda el control de una importante reserva electoral que hoy depende de los cheques de la Secretar\u00eda del Bienestar para poder sobrevivir.<\/p>\n\n\n\n<p>Revalorar la \u201cpobreza\u201d y en contraparte fustigar el leg\u00edtimo deseo de cada mexicano de mejorar su capacidad de compra, representan un intento de reeducar la percepci\u00f3n p\u00fablica para sustituir la \u201cmovilidad social\u201d, -que sustenta el esfuerzo de la gente asalariada por ofrecer a sus hijos oportunidades de desarrollo para que en el futuro tengan las comodidades de \u201cla gente rica\u201d-, a cambio de la trasnochada \u201clucha de clases\u201d.<\/p>\n\n\n\n<p>La \u201clucha de clases\u201d representa la ideolog\u00eda que durante el socialismo del siglo XIX promov\u00eda el orgullo de la clase trabajadora por pertenecer a ese sector social. Estimulaba la confrontaci\u00f3n en contra de la burgues\u00eda y las clases \u201cacomodadas\u201d.<br>A trav\u00e9s de esa narrativa que idealiza la pobreza, se estimula el conformismo que genera resignaci\u00f3n, a cambio de un cheque de ayuda social entregado por este gobierno.<\/p>\n\n\n\n<p>Quiz\u00e1 haya gente que no pueda entender el significado religioso del concepto&nbsp;<strong>\u201cpobreza franciscana<\/strong>\u201d, pero este se refiere evidentemente a los votos de pobreza que deb\u00edan formular quienes ingresaban a la orden religiosa de los frailes franciscanos.<br>Esta revalorizaci\u00f3n de la pobreza se vincula tambi\u00e9n con la reiterada narrativa que justifica la delincuencia como resultado de la pobreza.<\/p>\n\n\n\n<p>Representa la estrategia de dotar de significados de lucha social a la delincuencia organizada, como si sus acciones criminales tuviesen una intenci\u00f3n de reivindicaci\u00f3n pol\u00edtica de viejas injusticias, que sin duda existen.<\/p>\n\n\n\n<p>Sin embargo, nadie le explica al pueblo que no hay forma de obtener recursos para financiar los programas sociales si \u00e9stos no se generan a trav\u00e9s de los impuestos que pagamos quienes hemos estado siempre en el sector productivo.<br>UUUY \u2026 \u00a1QU\u00c9 MIEDO!<br>La respuesta presidencial dirigida a los gobiernos de Estados Unidos y Canad\u00e1 al ritmo de Chicoch\u00e9 y su grupo \u201cLa Crisis\u201d, seguramente no tiene equivalente en la diplomacia universal contempor\u00e1nea.<\/p>\n\n\n\n<p>Que esos gobiernos manden el mensaje al presidente L\u00f3pez Obrador de que se tome \u201cen serio\u201d este asunto, -relativo al diferendo energ\u00e9tico dentro del T-MEC-, es de verg\u00fcenza nacional.<\/p>\n\n\n\n<p>La diplomacia mexicana, -que ha sido tan respetada en el mundo durante el siglo XX y hasta antes de este gobierno-, con esta an\u00e9cdota populachera ha vivido un momento denigrante.<\/p>\n\n\n\n<p>Ser\u00eda muy peligroso que para justificar ante el \u201cpueblo de M\u00e9xico\u201d un conflicto eminentemente comercial, se recurriese a antecedentes hist\u00f3ricos referentes a hechos b\u00e9licos acontecidos durante el siglo XIX, los cuales desde hace mucho tiempo ya est\u00e1n superados.<\/p>\n\n\n\n<p>Actualmente ya se percibe la intenci\u00f3n de dotar a este conflicto de significados relacionados con la soberan\u00eda nacional a partir de la intervenci\u00f3n de villanos y h\u00e9roes, evidentemente representados estos \u00faltimos por los actuales gobernantes y los villanos por los conservadores, opositores.<\/p>\n\n\n\n<p>Una narrativa patriotera, -muy emocional-, puede reactivar viejos clich\u00e9s nacionalistas y generar un ambiente colectivo complicado, que convertir\u00eda al presidente en un h\u00e9roe ante los ojos \u201cdel pueblo\u201d, -lo cual ser\u00eda altamente rentable en la pr\u00f3xima elecci\u00f3n-, pero nos heredar\u00eda una mala relaci\u00f3n con nuestro m\u00e1s importante socio comercial y vecino.<\/p>\n\n\n\n<p>EL PODER EJECUTIVO Vs. EL ESTADO CONSTITUCIONAL DE DERECHO<\/p>\n\n\n\n<p>El poder presidencial se ha enfrentado reiteradamente al Estado Constitucional de Derecho. Esto es lo que significa la orden presidencial de seguir adelante con la construcci\u00f3n del tramo 5 del Tren Maya. A final de cuentas es un asunto de \u201cseguridad nacional\u201d, dice \u00e9l.<\/p>\n\n\n\n<p>Despu\u00e9s de los amparos tramitados por diversas organizaciones ciudadanas contra la construcci\u00f3n del tramo 5, es que el presidente autoritariamente busc\u00f3 darle la vuelta al procedimiento jur\u00eddico. Sin embargo, si \u00e9l no respeta el marco legal de nuestro pa\u00eds, \u00bfcon qu\u00e9 autoridad moral puede exigir a la sociedad civil que sea respetuosa de la ley?<\/p>\n\n\n\n<p>Adem\u00e1s, califica de \u201cpseudo ambientalistas\u201d y corruptos a quienes s\u00f3lo piden cautela para garantizar la preservaci\u00f3n del ecosistema de la regi\u00f3n donde circular\u00e1 el tramo 5 del Tren Maya.<\/p>\n\n\n\n<p>Ning\u00fan cargo pol\u00edtico justifica la falta de respeto a la dignidad de los ciudadanos que no pensamos como el presidente. Calificar como corruptos y pseudo ambientalistas es una ofensa para denigrar a los ciudadanos que representan una posici\u00f3n diferente al gobierno actual.<\/p>\n\n\n\n<p>De igual modo vemos que el secretario de gobernaci\u00f3n, -durante su gira por Aguascalientes-, se mof\u00f3 del INE y del TEPJF por haber impuesto restricciones a los funcionarios del gobierno federal y a la jefa de gobierno de la CDMX para realizar acciones proselitistas de tipo electoral.<\/p>\n\n\n\n<p>\u201cNo importa lo van a desaparecer\u201d dijo respecto a las restricciones impuestas por el INE a los actos anticipados de campa\u00f1a.<\/p>\n\n\n\n<p>\u00bfCon qu\u00e9 autoridad moral pueden gobernar quienes se mofan del \u201cEstado Constitucional de Derecho\u201d?<\/p>\n\n\n\n<p>FILOSOFAR O ACTUAR<\/p>\n\n\n\n<p>Cuando est\u00e1 de por medio una vida humana, no se vale filosofar, echar culpas o hacer diagn\u00f3stico. Se requieren respuestas inmediatas para que no vuelva a suceder algo as\u00ed.<\/p>\n\n\n\n<p>Muy insensible la actitud del presidente en una ma\u00f1anera al ponerse a diagnosticar con visi\u00f3n pol\u00edtica el s\u00e1dico asesinato de Luz Raquel Padilla, quien fue incinerada por sus agresores en Zapopan, despu\u00e9s de que ella buscase protecci\u00f3n de las autoridades judiciales frente a las amenazas de su agresor, sin ser escuchada.<\/p>\n\n\n\n<p>Es importante investigar y castigar con severidad a las autoridades que ignoraron las peticiones de protecci\u00f3n de Luz Raquel.<\/p>\n\n\n\n<p>La impunidad estimula el crecimiento de los delitos.<\/p>\n\n\n\n<p>\u00bfA usted qu\u00e9 le parece? <\/p>\n\n\n\n<p><em>Facebook: @Ricardo.Homs1<br>Twitter: @homsricardo<br>Linkedin: Ricardo Homs<br><a href=\"http:\/\/www.ricardohoms.com\/\">www.ricardohoms.com<\/a><\/em><\/p>\n","protected":false},"excerpt":{"rendered":"<p>Ricardo Homs El tema \u201cpobreza franciscana\u201d, -en la narrativa presidencial-, tiene mucho fondo. No es una simple puntada ret\u00f3rica. Mas bien responde a subterfugios ling\u00fc\u00edsticos que pretenden reeducar la percepci\u00f3n ciudadana, dando a la pobreza un valor aspiracional equivalente a un valor moral. Esta frase no s\u00f3lo pretende justificar la incapacidad gubernamental para impulsar una [&hellip;]<\/p>\n","protected":false},"author":18,"featured_media":66699,"comment_status":"open","ping_status":"open","sticky":false,"template":"","format":"standard","meta":{"_monsterinsights_skip_tracking":false,"_monsterinsights_sitenote_active":false,"_monsterinsights_sitenote_note":"","_monsterinsights_sitenote_category":0,"footnotes":""},"categories":[246],"tags":[173],"class_list":["post-66696","post","type-post","status-publish","format-standard","has-post-thumbnail","hentry","category-ricardo-homs","tag-ricardo-homs","wp-image-borders"],"amp_enabled":true,"_links":{"self":[{"href":"https:\/\/nvnoticias.mx\/index.php\/wp-json\/wp\/v2\/posts\/66696","targetHints":{"allow":["GET"]}}],"collection":[{"href":"https:\/\/nvnoticias.mx\/index.php\/wp-json\/wp\/v2\/posts"}],"about":[{"href":"https:\/\/nvnoticias.mx\/index.php\/wp-json\/wp\/v2\/types\/post"}],"author":[{"embeddable":true,"href":"https:\/\/nvnoticias.mx\/index.php\/wp-json\/wp\/v2\/users\/18"}],"replies":[{"embeddable":true,"href":"https:\/\/nvnoticias.mx\/index.php\/wp-json\/wp\/v2\/comments?post=66696"}],"version-history":[{"count":1,"href":"https:\/\/nvnoticias.mx\/index.php\/wp-json\/wp\/v2\/posts\/66696\/revisions"}],"predecessor-version":[{"id":66700,"href":"https:\/\/nvnoticias.mx\/index.php\/wp-json\/wp\/v2\/posts\/66696\/revisions\/66700"}],"wp:featuredmedia":[{"embeddable":true,"href":"https:\/\/nvnoticias.mx\/index.php\/wp-json\/wp\/v2\/media\/66699"}],"wp:attachment":[{"href":"https:\/\/nvnoticias.mx\/index.php\/wp-json\/wp\/v2\/media?parent=66696"}],"wp:term":[{"taxonomy":"category","embeddable":true,"href":"https:\/\/nvnoticias.mx\/index.php\/wp-json\/wp\/v2\/categories?post=66696"},{"taxonomy":"post_tag","embeddable":true,"href":"https:\/\/nvnoticias.mx\/index.php\/wp-json\/wp\/v2\/tags?post=66696"}],"curies":[{"name":"wp","href":"https:\/\/api.w.org\/{rel}","templated":true}]}}