{"id":66658,"date":"2022-07-25T12:52:14","date_gmt":"2022-07-25T17:52:14","guid":{"rendered":"https:\/\/nvnoticias.mx\/?p=66658"},"modified":"2022-07-25T12:52:14","modified_gmt":"2022-07-25T17:52:14","slug":"detienen-en-oaxaca-al-exfiscal-jorge-winckler-ortiz","status":"publish","type":"post","link":"https:\/\/nvnoticias.mx\/index.php\/2022\/07\/25\/detienen-en-oaxaca-al-exfiscal-jorge-winckler-ortiz\/","title":{"rendered":"Detienen en Oaxaca al exfiscal Jorge Winckler Ortiz"},"content":{"rendered":"\n<p><strong>Jes\u00fas Utrilla \/ NV Noticias<\/strong><\/p>\n\n\n\n<p>El exfiscal Jorge Winckler Ortiz fue detenido en Puerto Escondido, Oaxaca.<\/p>\n\n\n\n<p>Se le buscaba por delitos graves como tortura, abuso de autoridad, entre otros. <\/p>\n\n\n\n<p>Desde que fue retirado de su cargo como fiscal en 2019, el tambi\u00e9n abogado permaneci\u00f3 desaparecido y posteriormente se le declar\u00f3 pr\u00f3fugo de la justicia.<\/p>\n\n\n\n<p>El abogado iba cumplir, en septiembre pr\u00f3ximo 3 a\u00f1os de huir de la justicia.<\/p>\n\n\n\n<p>Cabe recordar que hace dos semanas el Segundo Tribunal Colegiado en Materia Administrativa hizo un proyecto de resoluci\u00f3n con respecto a la revisi\u00f3n del amparo directo que emiti\u00f3 un juez de distrito sobre la destituci\u00f3n de Jorge Winckler Ortiz, como fiscal del Estado de Veracruz. <\/p>\n\n\n\n<p>El tribunal se encuentra en Boca del R\u00edo y al hacer el estudio determin\u00f3 sobre los cuatro conceptos de violaci\u00f3n que manej\u00f3 el quejoso. <\/p>\n\n\n\n<p>Se\u00f1al\u00f3 que quien tiene la facultad para haberlo destituido era el Pleno del Congreso del Estado, es decir, las tres cuartas partes de los diputados locales. Pero quien llev\u00f3 a cabo la separaci\u00f3n fue la permanente. <\/p>\n\n\n\n<p>Ante ello los magistrados del Segundo Tribunal Colegiado en Materia Administrativa estudiaron el caso pero no procedi\u00f3 en la votaci\u00f3n.<\/p>\n","protected":false},"excerpt":{"rendered":"<p>Jes\u00fas Utrilla \/ NV Noticias El exfiscal Jorge Winckler Ortiz fue detenido en Puerto Escondido, Oaxaca. Se le buscaba por delitos graves como tortura, abuso de autoridad, entre otros. Desde que fue retirado de su cargo como fiscal en 2019, el tambi\u00e9n abogado permaneci\u00f3 desaparecido y posteriormente se le declar\u00f3 pr\u00f3fugo de la justicia. El [&hellip;]<\/p>\n","protected":false},"author":8,"featured_media":64880,"comment_status":"open","ping_status":"open","sticky":false,"template":"","format":"standard","meta":{"_monsterinsights_skip_tracking":false,"_monsterinsights_sitenote_active":false,"_monsterinsights_sitenote_note":"","_monsterinsights_sitenote_category":0,"footnotes":""},"categories":[154],"tags":[1957,17190,270,162],"class_list":["post-66658","post","type-post","status-publish","format-standard","has-post-thumbnail","hentry","category-veracruz","tag-detenido","tag-jorge-winckler","tag-oaxaca","tag-portada","wp-image-borders"],"amp_enabled":true,"_links":{"self":[{"href":"https:\/\/nvnoticias.mx\/index.php\/wp-json\/wp\/v2\/posts\/66658","targetHints":{"allow":["GET"]}}],"collection":[{"href":"https:\/\/nvnoticias.mx\/index.php\/wp-json\/wp\/v2\/posts"}],"about":[{"href":"https:\/\/nvnoticias.mx\/index.php\/wp-json\/wp\/v2\/types\/post"}],"author":[{"embeddable":true,"href":"https:\/\/nvnoticias.mx\/index.php\/wp-json\/wp\/v2\/users\/8"}],"replies":[{"embeddable":true,"href":"https:\/\/nvnoticias.mx\/index.php\/wp-json\/wp\/v2\/comments?post=66658"}],"version-history":[{"count":1,"href":"https:\/\/nvnoticias.mx\/index.php\/wp-json\/wp\/v2\/posts\/66658\/revisions"}],"predecessor-version":[{"id":66659,"href":"https:\/\/nvnoticias.mx\/index.php\/wp-json\/wp\/v2\/posts\/66658\/revisions\/66659"}],"wp:featuredmedia":[{"embeddable":true,"href":"https:\/\/nvnoticias.mx\/index.php\/wp-json\/wp\/v2\/media\/64880"}],"wp:attachment":[{"href":"https:\/\/nvnoticias.mx\/index.php\/wp-json\/wp\/v2\/media?parent=66658"}],"wp:term":[{"taxonomy":"category","embeddable":true,"href":"https:\/\/nvnoticias.mx\/index.php\/wp-json\/wp\/v2\/categories?post=66658"},{"taxonomy":"post_tag","embeddable":true,"href":"https:\/\/nvnoticias.mx\/index.php\/wp-json\/wp\/v2\/tags?post=66658"}],"curies":[{"name":"wp","href":"https:\/\/api.w.org\/{rel}","templated":true}]}}