{"id":66582,"date":"2022-07-24T16:34:38","date_gmt":"2022-07-24T21:34:38","guid":{"rendered":"https:\/\/nvnoticias.mx\/?p=66582"},"modified":"2022-07-24T16:34:39","modified_gmt":"2022-07-24T21:34:39","slug":"comparte-priyanka-chopra-fotografia-con-su-hija","status":"publish","type":"post","link":"https:\/\/nvnoticias.mx\/index.php\/2022\/07\/24\/comparte-priyanka-chopra-fotografia-con-su-hija\/","title":{"rendered":"Comparte Priyanka Chopra fotograf\u00eda con su hija"},"content":{"rendered":"\n<p>Apenas unos d\u00edas despu\u00e9s de que la actriz cumpliera 40 a\u00f1os, ella public\u00f3 fotos de su reciente viaje a Cabo San Lucas, M\u00e9xico, con familiares y amigos. Entre las im\u00e1genes que aparecen en la serie hab\u00eda una dulce instant\u00e1nea de Priyanka con su esposo\u00a0Nick Jonas\u00a0y su hija,\u00a0Malti Marie Jonas. La foto mostraba a la ni\u00f1a con un conjunto de &#8220;6 meses&#8221; mientras su padre sosten\u00eda un postre con las palabras &#8220;Felices cumple 6 meses MM&#8221; escritas en el frente.<\/p>\n\n\n\n<p>Priyanka y Nick cubrieron el rostro de Malti con un emoji de coraz\u00f3n. De hecho, los padres han protegido la privacidad de su beb\u00e9 cubriendo su rostro en cada foto que han compartido en las redes sociales desde que le dieron la bienvenida a trav\u00e9s de un vientre sustituto en enero.<\/p>\n\n\n\n<p>Otras fotos en la publicaci\u00f3n inclu\u00edan fotos de Priyanka y Nick disfrutando del tiempo en la piscina, en la playa y cenando con amigos y familiares, incluidas sus madres, la&nbsp;<strong>Dra. Madhu Chopra<\/strong>&nbsp;y&nbsp;<strong>Denise Jonas<\/strong>.<\/p>\n\n\n\n<blockquote class=\"wp-block-quote is-layout-flow wp-block-quote-is-layout-flow\"><p>&#8220;\u00a1Solo una ni\u00f1a y su escuadr\u00f3n de cumplea\u00f1os!&#8221;, escribi\u00f3 Priyanka en Instagram el 22 de julio. &#8220;Muy agradecida de estar rodeada de tanto amor y poder pasar tiempo con mis seres m\u00e1s cercanos y queridos. (Incluso muchos de ellos volaron desde muy lejos)&#8221;.<\/p><\/blockquote>\n\n\n\n<p>Priyanka tambi\u00e9n agradeci\u00f3 a Nick por planificar y ejecutar las &#8220;celebraciones m\u00e1s incre\u00edbles&#8221; a la &#8220;perfecci\u00f3n&#8221;.<\/p>\n\n\n\n<blockquote class=\"wp-block-quote is-layout-flow wp-block-quote-is-layout-flow\"><p>&#8220;Las palabras no son suficientes para agradecerte por el cumplea\u00f1os m\u00e1s memorable&#8221;, continu\u00f3 la estrella de Quantico, &#8220;realmente sabes c\u00f3mo amar, beb\u00e9. Soy una chica afortunada&#8221;.<\/p><\/blockquote>\n\n\n\n<p>Por supuesto, el cantante de &#8220;Jealous&#8221; estaba feliz de hacer los honores y escribi\u00f3 en los comentarios, &#8220;Me encanta celebrarte&#8221;. Pero Nick no fue el \u00fanico en recibir un reconocimiento.<\/p>\n\n\n\n<blockquote class=\"wp-block-quote is-layout-flow wp-block-quote-is-layout-flow\"><p>&#8220;Estoy tan conmovida por todo el amor de cumplea\u00f1os que he recibido este a\u00f1o&#8221;, continu\u00f3 Priyanka. &#8220;Los encantadores DMs, las sorpresas, las llamadas, los mensajes de texto y los grandes abrazos hicieron que el d\u00eda fuera a\u00fan m\u00e1s brillante y me hicieron sentir realmente especial. Gracias a todos los que se acercaron, significa el mundo. Aqu\u00ed est\u00e1 el comienzo del resto de mi vida. Agradecida y bendecida&#8221;.<\/p><\/blockquote>\n\n\n\n<p>Nick tambi\u00e9n public\u00f3 algunas fotos del viaje en el cumplea\u00f1os Priyanka el 18 de julio, incluidas fotos de ellos bes\u00e1ndose en la arena y viendo fuegos artificiales. Otras fotos mostraban al miembro de los\u00a0Jonas Brothers\u00a0con una toalla de playa que dec\u00eda &#8220;\u00a1Priyanka! La joya de julio est. 1982&#8221; y la estrella de<em>\u00a0Matrix Resurrections<\/em>\u00a0con un regalo que dec\u00eda &#8220;\u00a1Feliz cumplea\u00f1os Priyanka 80&#8217;s Baby!&#8221;<\/p>\n\n\n\n<p>&#8220;Feliz cumplea\u00f1os a mi [amor] la joya de julio&#8221;, escribi\u00f3 Nick. &#8220;Es un honor estar contigo en este viaje loco llamado vida. Te amo. @priyankachopra&#8221;.<\/p>\n\n\n\n<p>Y se sienten s\u00faper agradecidos despu\u00e9s de un susto, con Priyanka tomando Instagram para hablar sobre la estad\u00eda prolongada de Malti en la UCIN despu\u00e9s de su nacimiento.<\/p>\n\n\n\n<blockquote class=\"wp-block-quote is-layout-flow wp-block-quote-is-layout-flow\"><p>&#8220;No podemos evitar reflexionar sobre estos \u00faltimos meses y la monta\u00f1a rusa en la que hemos estado, que ahora sabemos, que mucha gente tambi\u00e9n ha experimentado&#8221;, escribi\u00f3 la estrella de Baywatch en una publicaci\u00f3n del D\u00eda de la Madre. &#8220;Despu\u00e9s de m\u00e1s de 100 d\u00edas en la UCIN, nuestra ni\u00f1a finalmente est\u00e1 en casa. El viaje de cada familia es \u00fanico y requiere un cierto nivel de fe, y aunque los nuestros fueron unos meses desafiantes, lo que queda muy claro, en retrospectiva, es lo precioso y perfecto que es cada momento&#8221;.<\/p><\/blockquote>\n\n\n\n<p>Priyanka continu\u00f3 agradeciendo a &#8220;todos los m\u00e9dicos, enfermeras y especialistas de Rady Children&#8217;s La Jolla y Cedar Sinai, Los \u00c1ngeles&#8221; que estuvieron con su familia &#8220;en cada paso del camino&#8221;.<\/p>\n\n\n\n<p>Para finalizar su emotiva publicaci\u00f3n, Priyanka escribi\u00f3, &#8220;Nuestro pr\u00f3ximo cap\u00edtulo comienza ahora, y nuestra beb\u00e9 es verdaderamente ruda. \u00a1Hag\u00e1moslo, MM!&#8221;<\/p>\n\n\n\n<p>El estilo de Malti tambi\u00e9n se mostr\u00f3 cuando Priyanka comparti\u00f3 una foto del reciente viaje de la familia a las Islas Turcas y Caicos.<\/p>\n\n\n\n<p>En la imagen, Malti, con el rostro cubierto con un emoji de coraz\u00f3n blanco, ya que sus padres a\u00fan no han compartido su rostro con el mundo, lleva un adorable sombrero de pescador de mezclilla. La publicaci\u00f3n estaba dedicada a la amiga de Priyanka,&nbsp;<strong>Tamanna Dutt<\/strong>, y Priyanka escribi\u00f3, &#8220;22 a\u00f1os y contando&#8230; y ahora con nuestros beb\u00e9s&#8230; Te amo&#8221;.<\/p>\n","protected":false},"excerpt":{"rendered":"<p>Apenas unos d\u00edas despu\u00e9s de que la actriz cumpliera 40 a\u00f1os, ella public\u00f3 fotos de su reciente viaje a Cabo San Lucas, M\u00e9xico, con familiares y amigos. Entre las im\u00e1genes que aparecen en la serie hab\u00eda una dulce instant\u00e1nea de Priyanka con su esposo\u00a0Nick Jonas\u00a0y su hija,\u00a0Malti Marie Jonas. La foto mostraba a la ni\u00f1a [&hellip;]<\/p>\n","protected":false},"author":35,"featured_media":37508,"comment_status":"open","ping_status":"open","sticky":false,"template":"","format":"standard","meta":{"_monsterinsights_skip_tracking":false,"_monsterinsights_sitenote_active":false,"_monsterinsights_sitenote_note":"","_monsterinsights_sitenote_category":0,"footnotes":""},"categories":[576],"tags":[6358,5549,3598,9055],"class_list":["post-66582","post","type-post","status-publish","format-standard","has-post-thumbnail","hentry","category-ocio","tag-fotografia","tag-hija","tag-nick-jonas","tag-priyanka-chopra","wp-image-borders"],"amp_enabled":true,"_links":{"self":[{"href":"https:\/\/nvnoticias.mx\/index.php\/wp-json\/wp\/v2\/posts\/66582","targetHints":{"allow":["GET"]}}],"collection":[{"href":"https:\/\/nvnoticias.mx\/index.php\/wp-json\/wp\/v2\/posts"}],"about":[{"href":"https:\/\/nvnoticias.mx\/index.php\/wp-json\/wp\/v2\/types\/post"}],"author":[{"embeddable":true,"href":"https:\/\/nvnoticias.mx\/index.php\/wp-json\/wp\/v2\/users\/35"}],"replies":[{"embeddable":true,"href":"https:\/\/nvnoticias.mx\/index.php\/wp-json\/wp\/v2\/comments?post=66582"}],"version-history":[{"count":1,"href":"https:\/\/nvnoticias.mx\/index.php\/wp-json\/wp\/v2\/posts\/66582\/revisions"}],"predecessor-version":[{"id":66583,"href":"https:\/\/nvnoticias.mx\/index.php\/wp-json\/wp\/v2\/posts\/66582\/revisions\/66583"}],"wp:featuredmedia":[{"embeddable":true,"href":"https:\/\/nvnoticias.mx\/index.php\/wp-json\/wp\/v2\/media\/37508"}],"wp:attachment":[{"href":"https:\/\/nvnoticias.mx\/index.php\/wp-json\/wp\/v2\/media?parent=66582"}],"wp:term":[{"taxonomy":"category","embeddable":true,"href":"https:\/\/nvnoticias.mx\/index.php\/wp-json\/wp\/v2\/categories?post=66582"},{"taxonomy":"post_tag","embeddable":true,"href":"https:\/\/nvnoticias.mx\/index.php\/wp-json\/wp\/v2\/tags?post=66582"}],"curies":[{"name":"wp","href":"https:\/\/api.w.org\/{rel}","templated":true}]}}