{"id":66550,"date":"2022-07-24T15:19:09","date_gmt":"2022-07-24T20:19:09","guid":{"rendered":"https:\/\/nvnoticias.mx\/?p=66550"},"modified":"2022-07-24T15:19:09","modified_gmt":"2022-07-24T20:19:09","slug":"critica-santiago-creel-el-aifa","status":"publish","type":"post","link":"https:\/\/nvnoticias.mx\/index.php\/2022\/07\/24\/critica-santiago-creel-el-aifa\/","title":{"rendered":"Critica Santiago Creel el AIFA"},"content":{"rendered":"\n<p><strong>Santiago Creel Miranda<\/strong>, diputado federal del Partido Acci\u00f3n Nacional (<strong>PAN<\/strong>), calific\u00f3 como en elefante blanco las obras del Aeropuerto Internacional Felipe \u00c1ngeles (<strong>AlFA<\/strong>), ello a prop\u00f3sito del banderazo de salida de una nueva ruta de autobuses tur\u00edsticos que van de la Ciudad de M\u00e9xico al AIFA y pasa por el museo del mamut, ubicado en las inmediaciones de la terminal a\u00e9rea.<\/p>\n\n\n\n<p>A trav\u00e9s de su cuenta de Twitter, el vicepresidente de la C\u00e1mara de Diputados critico las obras del\u00a0<strong>AIFA\u00a0<\/strong>y escribi\u00f3 que es \u201cIncre\u00edble, el AIFA pas\u00f3 de ser la soluci\u00f3n aeron\u00e1utica del pa\u00eds a una simple atracci\u00f3n tur\u00edstica de la CDMX. El Museo del Mamut qued\u00f3 muy\u00a0<em>adhoc<\/em>\u00a0en un elefante blanco\u201d.<\/p>\n\n\n\n<p>Y es que\u00a0<strong>Creel Miranda<\/strong>, aprovech\u00f3 para ironizar y comparar el aeropuerto y el museo que resguarda restos paleontol\u00f3gicos de mamuts -encontrados durante las obras de excavaci\u00f3n del aeropuerto de Santa Luc\u00eda- con\u00a0<strong>elefantes blancos<\/strong>, como se conoce a obras de gran costo, cuya utilidad es escasa y su mantenimiento muy caro.<\/p>\n\n\n\n<p>El jueves pasado, el Turitor inaugur\u00f3 su nueva ruta que partir\u00e1 de varios puntos de la Ciudad de M\u00e9xico con rumbo al\u00a0<strong>AIFA\u00a0<\/strong>y no precisamente para abordar un vuelo, si no para llevar a turistas locales y extranjeros a conocer la nueva terminal a\u00e9rea, sus museos \u00a0(del Mamut y el Militar de Aviaci\u00f3n) y las pir\u00e1mides de Teotihuac\u00e1n.<\/p>\n\n\n\n<p>Originalmente el gobierno del presidente\u00a0<strong>Andr\u00e9s Manuel L\u00f3pez Obrador\u00a0<\/strong>estim\u00f3 que las obras del AIFA tendr\u00eda un costo de 75 mil millones de pesos; sin embargo,<strong>\u00a0Carlos Urz\u00faa,<\/strong>\u00a0exsecretario de Hacienda de AMLO -de 2018 a julio de 2019- estima que el costo final de la terminal a\u00e9rea ronda los 116 mil millones de pesos, m\u00e1s de 40 mil millones m\u00e1s.<\/p>\n\n\n\n<p>Adem\u00e1s, el aeropuerto de Santa Luc\u00eda se concibi\u00f3 con la idea de optimizar la saturaci\u00f3n del tr\u00e1fico a\u00e9reo en el Aeropuerto Internacional de la Ciudad de M\u00e9xico (<strong>AICM<\/strong>), sin embargo en la actualidad el AIFA solo opera 12 vuelos diarios.<\/p>\n\n\n\n<p>Cabe recordar que hace apenas unas semanas,&nbsp;<strong>Santiago Creel Miranda<\/strong>, destap\u00f3 sus pretensiones presidenciales para 2024 y dijo estar preparado para encabezar la candidatura por la Presidencia de la Rep\u00fablica del PAN.<\/p>\n\n\n\n<p>Durante un encuentro organizado realizado en Guadalajara, Jalisco, el legislador del\u00a0<strong>PAN\u00a0<\/strong>se\u00f1al\u00f3 que desea que\u00a0<strong>Movimiento Ciudadano\u00a0<\/strong>tambi\u00e9n se sume a un proyecto de gobierno de coalici\u00f3n y reconstrucci\u00f3n nacional, por lo que se encuentra en pl\u00e1ticas con el partido para aliarse y &#8220;derrotar a Morena&#8221; en 2024.<\/p>\n\n\n\n<p>Fuente: <a href=\"https:\/\/www.eluniversal.com.mx\/nacion\/santiago-creel-critica-el-aifa-dice-que-paso-de-solucion-aeronautica-atraccion-turistica\" data-type=\"URL\" data-id=\"https:\/\/www.eluniversal.com.mx\/nacion\/santiago-creel-critica-el-aifa-dice-que-paso-de-solucion-aeronautica-atraccion-turistica\">El Universal<\/a><\/p>\n","protected":false},"excerpt":{"rendered":"<p>Santiago Creel Miranda, diputado federal del Partido Acci\u00f3n Nacional (PAN), calific\u00f3 como en elefante blanco las obras del Aeropuerto Internacional Felipe \u00c1ngeles (AlFA), ello a prop\u00f3sito del banderazo de salida de una nueva ruta de autobuses tur\u00edsticos que van de la Ciudad de M\u00e9xico al AIFA y pasa por el museo del mamut, ubicado en [&hellip;]<\/p>\n","protected":false},"author":35,"featured_media":66551,"comment_status":"open","ping_status":"open","sticky":false,"template":"","format":"standard","meta":{"_monsterinsights_skip_tracking":false,"_monsterinsights_sitenote_active":false,"_monsterinsights_sitenote_note":"","_monsterinsights_sitenote_category":0,"footnotes":""},"categories":[158],"tags":[6165,12250,1047],"class_list":["post-66550","post","type-post","status-publish","format-standard","has-post-thumbnail","hentry","category-politica","tag-aifa","tag-critica-2","tag-santiago-creel","wp-image-borders"],"amp_enabled":true,"_links":{"self":[{"href":"https:\/\/nvnoticias.mx\/index.php\/wp-json\/wp\/v2\/posts\/66550","targetHints":{"allow":["GET"]}}],"collection":[{"href":"https:\/\/nvnoticias.mx\/index.php\/wp-json\/wp\/v2\/posts"}],"about":[{"href":"https:\/\/nvnoticias.mx\/index.php\/wp-json\/wp\/v2\/types\/post"}],"author":[{"embeddable":true,"href":"https:\/\/nvnoticias.mx\/index.php\/wp-json\/wp\/v2\/users\/35"}],"replies":[{"embeddable":true,"href":"https:\/\/nvnoticias.mx\/index.php\/wp-json\/wp\/v2\/comments?post=66550"}],"version-history":[{"count":1,"href":"https:\/\/nvnoticias.mx\/index.php\/wp-json\/wp\/v2\/posts\/66550\/revisions"}],"predecessor-version":[{"id":66552,"href":"https:\/\/nvnoticias.mx\/index.php\/wp-json\/wp\/v2\/posts\/66550\/revisions\/66552"}],"wp:featuredmedia":[{"embeddable":true,"href":"https:\/\/nvnoticias.mx\/index.php\/wp-json\/wp\/v2\/media\/66551"}],"wp:attachment":[{"href":"https:\/\/nvnoticias.mx\/index.php\/wp-json\/wp\/v2\/media?parent=66550"}],"wp:term":[{"taxonomy":"category","embeddable":true,"href":"https:\/\/nvnoticias.mx\/index.php\/wp-json\/wp\/v2\/categories?post=66550"},{"taxonomy":"post_tag","embeddable":true,"href":"https:\/\/nvnoticias.mx\/index.php\/wp-json\/wp\/v2\/tags?post=66550"}],"curies":[{"name":"wp","href":"https:\/\/api.w.org\/{rel}","templated":true}]}}