{"id":66505,"date":"2022-07-24T13:26:15","date_gmt":"2022-07-24T18:26:15","guid":{"rendered":"https:\/\/nvnoticias.mx\/?p=66505"},"modified":"2022-07-24T13:26:16","modified_gmt":"2022-07-24T18:26:16","slug":"coronan-a-los-reyes-de-la-xi-marcha-lgbtq-de-veracruz","status":"publish","type":"post","link":"https:\/\/nvnoticias.mx\/index.php\/2022\/07\/24\/coronan-a-los-reyes-de-la-xi-marcha-lgbtq-de-veracruz\/","title":{"rendered":"Coronan a los reyes de la XI Marcha LGBTQ+ de Veracruz"},"content":{"rendered":"\n<p>Veracruz, Ver. 24 de julio.- Por todo lo alto se llev\u00f3 a cabo la ceremonia de coronaci\u00f3n de los reyes de la Marcha LGBTQ+ de Veracruz en el hist\u00f3rico Museo de la Ciudad \u201cManuel Guti\u00e9rrez Zamora\u201d.<\/p>\n\n\n\n<p>Ante una numerosa asistencia, Perla Grinelli, popularmente conocida como \u201cLady Audios\u201d y Felipe Santiago Mar, presidente de la Fundaci\u00f3n \u201cVivir con Valor y Esperanza\u201d fueron coronados como los soberanos de la marcha oficial LGBTQ+ de Veracruz\/Boca del R\u00edo 2022.<\/p>\n\n\n\n<p>Los reyes de la marcha de la diversidad fueron coronados por Salvador Mendoza, director de la Oficina de Inclusi\u00f3n Social del H. Ayuntamiento de Veracruz; Cristian Blanco, director de la Oficina de Inclusi\u00f3n Social de Boca del R\u00edo; Pamela Reynolds Vera, Doncella del Mar 2022 de las Fiestas de Santa Ana de Boca del R\u00edo y \u201cLa T\u00eda Justa\u201d, entra\u00f1able y pol\u00e9mico personaje al que le presta vida el periodista Juli\u00e1n Ramos.<\/p>\n\n\n\n<p>Tras la coronaci\u00f3n, los nuevos soberanos emitieron un mensaje de inclusi\u00f3n, tolerancia, amor y respeto, para as\u00ed dar paso al espect\u00e1culo art\u00edstico conformado por la Academia de Danza de la maestra Ely; el show de la T\u00eda Justan, la estrella del transformismo, M\u00f3nica de la Torre; el cantante Marco Bouzas y el imitador del legendario Freddie Mercury.<\/p>\n\n\n\n<p>Se entregaron reconocimientos a las trayectorias de cuatro importantes personalidades de la Comunidad: Jos\u00e9 Luis F\u00e9rez (dise\u00f1ador); Fallo Melgar (Moda, Belleza y Make Up) Aim\u00e9 Cardini, pionera de los cert\u00e1menes de belleza gay y Ari Vera Morales, activista mujer trans.<\/p>\n\n\n\n<p>La conducci\u00f3n del evento estuvo a cargo de Emmanuel Saga\u00f3n \u201cCheery\u201d y Erika Cano, locutores de Ya! FM 102.9 y FUSI\u00d3N 90. FM, respectivamente.<\/p>\n\n\n\n<p>Fue sin lugar a dudas una noche de belleza, elegancia y glamour en uno de los recintos m\u00e1s emblem\u00e1ticos de Veracruz, el Museo de la Ciudad.<\/p>\n\n\n\n<figure class=\"wp-block-image size-large\"><img loading=\"lazy\" decoding=\"async\" width=\"1024\" height=\"680\" src=\"https:\/\/nvnoticias.mx\/wp-content\/uploads\/2022\/07\/IMG-20220724-WA0019-1024x680.jpg\" alt=\"\" class=\"wp-image-66506\" srcset=\"https:\/\/nvnoticias.mx\/wp-content\/uploads\/2022\/07\/IMG-20220724-WA0019-1024x680.jpg 1024w, https:\/\/nvnoticias.mx\/wp-content\/uploads\/2022\/07\/IMG-20220724-WA0019-300x199.jpg 300w, https:\/\/nvnoticias.mx\/wp-content\/uploads\/2022\/07\/IMG-20220724-WA0019-768x510.jpg 768w, https:\/\/nvnoticias.mx\/wp-content\/uploads\/2022\/07\/IMG-20220724-WA0019.jpg 1280w\" sizes=\"auto, (max-width: 1024px) 100vw, 1024px\" \/><\/figure>\n\n\n\n<figure class=\"wp-block-image size-large\"><img loading=\"lazy\" decoding=\"async\" width=\"1024\" height=\"682\" src=\"https:\/\/nvnoticias.mx\/wp-content\/uploads\/2022\/07\/IMG-20220724-WA0023-1024x682.jpg\" alt=\"\" class=\"wp-image-66510\" srcset=\"https:\/\/nvnoticias.mx\/wp-content\/uploads\/2022\/07\/IMG-20220724-WA0023-1024x682.jpg 1024w, https:\/\/nvnoticias.mx\/wp-content\/uploads\/2022\/07\/IMG-20220724-WA0023-300x200.jpg 300w, https:\/\/nvnoticias.mx\/wp-content\/uploads\/2022\/07\/IMG-20220724-WA0023-768x511.jpg 768w, https:\/\/nvnoticias.mx\/wp-content\/uploads\/2022\/07\/IMG-20220724-WA0023.jpg 1280w\" sizes=\"auto, (max-width: 1024px) 100vw, 1024px\" \/><\/figure>\n\n\n\n<p>Fotos: Benn Tejeda \/ Fall\u00edn G\u00f3mez<\/p>\n","protected":false},"excerpt":{"rendered":"<p>Veracruz, Ver. 24 de julio.- Por todo lo alto se llev\u00f3 a cabo la ceremonia de coronaci\u00f3n de los reyes de la Marcha LGBTQ+ de Veracruz en el hist\u00f3rico Museo de la Ciudad \u201cManuel Guti\u00e9rrez Zamora\u201d. Ante una numerosa asistencia, Perla Grinelli, popularmente conocida como \u201cLady Audios\u201d y Felipe Santiago Mar, presidente de la Fundaci\u00f3n [&hellip;]<\/p>\n","protected":false},"author":35,"featured_media":66509,"comment_status":"open","ping_status":"open","sticky":false,"template":"","format":"standard","meta":{"_monsterinsights_skip_tracking":false,"_monsterinsights_sitenote_active":false,"_monsterinsights_sitenote_note":"","_monsterinsights_sitenote_category":0,"footnotes":""},"categories":[154],"tags":[12542,17568,180,17569],"class_list":["post-66505","post","type-post","status-publish","format-standard","has-post-thumbnail","hentry","category-veracruz","tag-coronan","tag-reyes","tag-veracruz","tag-xi-marcha-lgbtq","wp-image-borders"],"amp_enabled":true,"_links":{"self":[{"href":"https:\/\/nvnoticias.mx\/index.php\/wp-json\/wp\/v2\/posts\/66505","targetHints":{"allow":["GET"]}}],"collection":[{"href":"https:\/\/nvnoticias.mx\/index.php\/wp-json\/wp\/v2\/posts"}],"about":[{"href":"https:\/\/nvnoticias.mx\/index.php\/wp-json\/wp\/v2\/types\/post"}],"author":[{"embeddable":true,"href":"https:\/\/nvnoticias.mx\/index.php\/wp-json\/wp\/v2\/users\/35"}],"replies":[{"embeddable":true,"href":"https:\/\/nvnoticias.mx\/index.php\/wp-json\/wp\/v2\/comments?post=66505"}],"version-history":[{"count":2,"href":"https:\/\/nvnoticias.mx\/index.php\/wp-json\/wp\/v2\/posts\/66505\/revisions"}],"predecessor-version":[{"id":66514,"href":"https:\/\/nvnoticias.mx\/index.php\/wp-json\/wp\/v2\/posts\/66505\/revisions\/66514"}],"wp:featuredmedia":[{"embeddable":true,"href":"https:\/\/nvnoticias.mx\/index.php\/wp-json\/wp\/v2\/media\/66509"}],"wp:attachment":[{"href":"https:\/\/nvnoticias.mx\/index.php\/wp-json\/wp\/v2\/media?parent=66505"}],"wp:term":[{"taxonomy":"category","embeddable":true,"href":"https:\/\/nvnoticias.mx\/index.php\/wp-json\/wp\/v2\/categories?post=66505"},{"taxonomy":"post_tag","embeddable":true,"href":"https:\/\/nvnoticias.mx\/index.php\/wp-json\/wp\/v2\/tags?post=66505"}],"curies":[{"name":"wp","href":"https:\/\/api.w.org\/{rel}","templated":true}]}}