{"id":66210,"date":"2022-07-22T09:17:44","date_gmt":"2022-07-22T14:17:44","guid":{"rendered":"https:\/\/nvnoticias.mx\/?p=66210"},"modified":"2022-07-22T09:17:45","modified_gmt":"2022-07-22T14:17:45","slug":"se-acelera-inflacion-un-8-16-en-la-primera-quincena-de-julio","status":"publish","type":"post","link":"https:\/\/nvnoticias.mx\/index.php\/2022\/07\/22\/se-acelera-inflacion-un-8-16-en-la-primera-quincena-de-julio\/","title":{"rendered":"Se acelera inflaci\u00f3n un 8.16% en la primera quincena de julio"},"content":{"rendered":"\n<p>El\u00a0<strong>\u00cdndice Nacional de Precios al Consumidor (INPC)\u00a0<\/strong>nuevamente aceler\u00f3 y registr\u00f3 una variaci\u00f3n anual de 8.16 por ciento en la primera quincena de julio, presionados por el<strong>\u00a0aumento en los precios\u00a0de la papa y otros tub\u00e9rculos<\/strong>, cebolla, huevo y naranja.<\/p>\n\n\n\n<p>De acuerdo con el Instituto Nacional de Estad\u00edstica y Geograf\u00eda (Inegi), el INPC registr\u00f3 su nivel m\u00e1s alto desde la primera quincena de enero del 2001, cuando se ubic\u00f3 en 8.37 por ciento.<\/p>\n\n\n\n<p>Adem\u00e1s, present\u00f3 su<strong>\u00a0cuarta quincena consecutiva con\u00a0incrementos.\u00a0<\/strong>La cifra se da luego de que en la segunda quincena de junio se ubicar\u00e1 en 8.09 por ciento.<\/p>\n\n\n\n<p>As\u00ed, la\u00a0<strong>inflaci\u00f3n\u00a0<\/strong>se ha ubicado 33 quincenas consecutivas por encima del rango objetivo fijado por el Banco de M\u00e9xico (3 por ciento, +\/- un punto porcentual).<\/p>\n\n\n\n<p>El resultado del INPC estuvo practicamente en l\u00ednea con las expectativas del mercado, el cual estimaba 8.1 por ciento a tasa anual, de acuerdo con Citibanamex.<\/p>\n\n\n\n<p>El&nbsp;<strong>\u00edndice de precios subyacente,<\/strong>&nbsp;que es aquel que excluye de su contabilidad los productos de alta volatilidad de precios,&nbsp;<strong>aceler\u00f3 y se ubic\u00f3 en 7.56 por ciento a tasa anual,<\/strong>&nbsp;su variaci\u00f3n m\u00e1s alta desde la segunda quincena de diciembre del 2000, cuando subi\u00f3 a 7.73 por ciento.<\/p>\n\n\n\n<p>En su interior, los precios de los servicios se ubicaron en 4.81 por ciento, mientras que el alza en los precios de las mercanc\u00edas fue de 9.99 por ciento.<\/p>\n\n\n\n<p>En tanto, la balanza no subyacente, que contabiliza los productos que presentan una alta volatilidad en sus precios, como los productos agr\u00edcolas o los combustibles, se ubic\u00f3 en 9.96 por ciento a tasa anual, su nivel m\u00e1s alto desde la primera quincena de enero.<\/p>\n\n\n\n<p>De manera desagregada, los&nbsp;<strong>precios de los productos agropecuarios<\/strong>&nbsp;presentaron una variaci\u00f3n de 16.76 por ciento, mientras que la de los de los energ\u00e9ticos y tarifas autorizadas por el Gobierno se ubic\u00f3 en 4.78 por ciento, esto respecto al mismo periodo del a\u00f1o pasado.<\/p>\n\n\n\n<p>Por otra parte, el<strong>&nbsp;\u00cdndice de Precios de la Canasta de Consumo M\u00ednimo<\/strong>&nbsp;aument\u00f3 0.45 por ciento quincenal y 8.68 por ciento a tasa anual.<\/p>\n\n\n\n<p>En su comparaci\u00f3n respecto a la quincena inmediata anterior, el INPC present\u00f3 una aceleraci\u00f3n de 0.43 por ciento.<\/p>\n\n\n\n<p>Entre los productos gen\u00e9ricos cuyas variaciones de precios destacaron por su incidencia sobre la inflaci\u00f3n general fueron<strong>&nbsp;la papa y otros tub\u00e9rculos<\/strong>&nbsp;(59.12 por ciento);&nbsp;<strong>cebolla&nbsp;<\/strong>(53.64 por ciento);&nbsp;<strong>huevo&nbsp;<\/strong>(37.15 por ciento);&nbsp;<strong>naranja&nbsp;<\/strong>(35.62 por ciento) y<strong>&nbsp;harinas de trigo<\/strong>&nbsp;(32.25 por ciento).<\/p>\n\n\n\n<p>Por el contrario, los productos que presentaron disminuci\u00f3n en sus precios fueron el gas dom\u00e9stico LP (7.43 por ciento); computadoras (4.35 por ciento) y camar\u00f3n (0.41 por ciento).<\/p>\n\n\n\n<p>Fuente: <a href=\"https:\/\/www.elfinanciero.com.mx\/economia\/2022\/07\/22\/inflacion-por-la-nubes-se-ubica-en-816-en-la-primera-quincena-de-julio\/?outputType=amp\" data-type=\"URL\" data-id=\"https:\/\/www.elfinanciero.com.mx\/economia\/2022\/07\/22\/inflacion-por-la-nubes-se-ubica-en-816-en-la-primera-quincena-de-julio\/?outputType=amp\">El Financiero<\/a> <\/p>\n","protected":false},"excerpt":{"rendered":"<p>El\u00a0\u00cdndice Nacional de Precios al Consumidor (INPC)\u00a0nuevamente aceler\u00f3 y registr\u00f3 una variaci\u00f3n anual de 8.16 por ciento en la primera quincena de julio, presionados por el\u00a0aumento en los precios\u00a0de la papa y otros tub\u00e9rculos, cebolla, huevo y naranja. De acuerdo con el Instituto Nacional de Estad\u00edstica y Geograf\u00eda (Inegi), el INPC registr\u00f3 su nivel m\u00e1s [&hellip;]<\/p>\n","protected":false},"author":35,"featured_media":31865,"comment_status":"open","ping_status":"open","sticky":false,"template":"","format":"standard","meta":{"_monsterinsights_skip_tracking":false,"_monsterinsights_sitenote_active":false,"_monsterinsights_sitenote_note":"","_monsterinsights_sitenote_category":0,"footnotes":""},"categories":[157],"tags":[10809,2978,4884,162,9731],"class_list":["post-66210","post","type-post","status-publish","format-standard","has-post-thumbnail","hentry","category-nacional","tag-acelera","tag-inflacion","tag-julio","tag-portada","tag-quincena","wp-image-borders"],"amp_enabled":true,"_links":{"self":[{"href":"https:\/\/nvnoticias.mx\/index.php\/wp-json\/wp\/v2\/posts\/66210","targetHints":{"allow":["GET"]}}],"collection":[{"href":"https:\/\/nvnoticias.mx\/index.php\/wp-json\/wp\/v2\/posts"}],"about":[{"href":"https:\/\/nvnoticias.mx\/index.php\/wp-json\/wp\/v2\/types\/post"}],"author":[{"embeddable":true,"href":"https:\/\/nvnoticias.mx\/index.php\/wp-json\/wp\/v2\/users\/35"}],"replies":[{"embeddable":true,"href":"https:\/\/nvnoticias.mx\/index.php\/wp-json\/wp\/v2\/comments?post=66210"}],"version-history":[{"count":4,"href":"https:\/\/nvnoticias.mx\/index.php\/wp-json\/wp\/v2\/posts\/66210\/revisions"}],"predecessor-version":[{"id":66214,"href":"https:\/\/nvnoticias.mx\/index.php\/wp-json\/wp\/v2\/posts\/66210\/revisions\/66214"}],"wp:featuredmedia":[{"embeddable":true,"href":"https:\/\/nvnoticias.mx\/index.php\/wp-json\/wp\/v2\/media\/31865"}],"wp:attachment":[{"href":"https:\/\/nvnoticias.mx\/index.php\/wp-json\/wp\/v2\/media?parent=66210"}],"wp:term":[{"taxonomy":"category","embeddable":true,"href":"https:\/\/nvnoticias.mx\/index.php\/wp-json\/wp\/v2\/categories?post=66210"},{"taxonomy":"post_tag","embeddable":true,"href":"https:\/\/nvnoticias.mx\/index.php\/wp-json\/wp\/v2\/tags?post=66210"}],"curies":[{"name":"wp","href":"https:\/\/api.w.org\/{rel}","templated":true}]}}