{"id":66173,"date":"2022-07-21T15:23:01","date_gmt":"2022-07-21T20:23:01","guid":{"rendered":"https:\/\/nvnoticias.mx\/?p=66173"},"modified":"2022-07-21T15:23:02","modified_gmt":"2022-07-21T20:23:02","slug":"continuan-los-contagios-de-covid-19-en-el-congreso-local","status":"publish","type":"post","link":"https:\/\/nvnoticias.mx\/index.php\/2022\/07\/21\/continuan-los-contagios-de-covid-19-en-el-congreso-local\/","title":{"rendered":"Contin\u00faan los contagios de Covid-19 en el Congreso Local"},"content":{"rendered":"\n<p><strong>Jes\u00fas Utrilla \/ NV Noticias<\/strong><\/p>\n\n\n\n<p>El diputado local de la LXVI Legislatura del Estado de Veracruz, Jaime Enrique de<br>la Garza Mart\u00ednez dio positivo a Covid-19 y se mantendr\u00e1 en resguardo en su vivienda por salud, cuidados y responsabilidad.<\/p>\n\n\n\n<p>El diputado local lo dio a conocer a trav\u00e9s de sus redes sociales y un comunicado de prensa sobre su estado de salud.<\/p>\n\n\n\n<blockquote class=\"wp-block-quote is-layout-flow wp-block-quote-is-layout-flow\"><p>\u201c<em>Les informo que me encontraba trabajando de manera normal, en acciones dentro de nuestra Distrito, cuando empec\u00e9 a sentir una ligera molestia en la garganta, lo cual, me oblig\u00f3 a realizarme una prueba para diagnosticar mi estado de salud<\/em>\u201d.<\/p><\/blockquote>\n\n\n\n<p>Jaime de la Garza, reconoci\u00f3 que se encuentra bien, no ha presentado s\u00edntomas<br>graves, pero se mantendr\u00e1 en aislamiento.<\/p>\n\n\n\n<blockquote class=\"wp-block-quote is-layout-flow wp-block-quote-is-layout-flow\"><p>\u201c<em>En estos d\u00edas me encuentro en casa, con malestar general, fiebre y un poco de tos, pero oxigenando de manera adecuada<\/em>\u201d.<\/p><\/blockquote>\n\n\n\n<p>Reiter\u00f3 que se mantendr\u00e1 en resguardo para evitar la propagaci\u00f3n del virus, as\u00ed<br>como se encuentra en tratamiento m\u00e9dico sin complicaciones; sin embargo, pese al aislamiento continuar\u00e1 desde casa haciendo labor de oficina de manera virtual hasta que est\u00e9 dado de alta.<\/p>\n","protected":false},"excerpt":{"rendered":"<p>Jes\u00fas Utrilla \/ NV Noticias El diputado local de la LXVI Legislatura del Estado de Veracruz, Jaime Enrique dela Garza Mart\u00ednez dio positivo a Covid-19 y se mantendr\u00e1 en resguardo en su vivienda por salud, cuidados y responsabilidad. El diputado local lo dio a conocer a trav\u00e9s de sus redes sociales y un comunicado de [&hellip;]<\/p>\n","protected":false},"author":8,"featured_media":4313,"comment_status":"open","ping_status":"open","sticky":false,"template":"","format":"standard","meta":{"_monsterinsights_skip_tracking":false,"_monsterinsights_sitenote_active":false,"_monsterinsights_sitenote_note":"","_monsterinsights_sitenote_category":0,"footnotes":""},"categories":[154],"tags":[9300,293,175],"class_list":["post-66173","post","type-post","status-publish","format-standard","has-post-thumbnail","hentry","category-veracruz","tag-congreso-local","tag-contagios","tag-covid-19","wp-image-borders"],"amp_enabled":true,"_links":{"self":[{"href":"https:\/\/nvnoticias.mx\/index.php\/wp-json\/wp\/v2\/posts\/66173","targetHints":{"allow":["GET"]}}],"collection":[{"href":"https:\/\/nvnoticias.mx\/index.php\/wp-json\/wp\/v2\/posts"}],"about":[{"href":"https:\/\/nvnoticias.mx\/index.php\/wp-json\/wp\/v2\/types\/post"}],"author":[{"embeddable":true,"href":"https:\/\/nvnoticias.mx\/index.php\/wp-json\/wp\/v2\/users\/8"}],"replies":[{"embeddable":true,"href":"https:\/\/nvnoticias.mx\/index.php\/wp-json\/wp\/v2\/comments?post=66173"}],"version-history":[{"count":1,"href":"https:\/\/nvnoticias.mx\/index.php\/wp-json\/wp\/v2\/posts\/66173\/revisions"}],"predecessor-version":[{"id":66175,"href":"https:\/\/nvnoticias.mx\/index.php\/wp-json\/wp\/v2\/posts\/66173\/revisions\/66175"}],"wp:featuredmedia":[{"embeddable":true,"href":"https:\/\/nvnoticias.mx\/index.php\/wp-json\/wp\/v2\/media\/4313"}],"wp:attachment":[{"href":"https:\/\/nvnoticias.mx\/index.php\/wp-json\/wp\/v2\/media?parent=66173"}],"wp:term":[{"taxonomy":"category","embeddable":true,"href":"https:\/\/nvnoticias.mx\/index.php\/wp-json\/wp\/v2\/categories?post=66173"},{"taxonomy":"post_tag","embeddable":true,"href":"https:\/\/nvnoticias.mx\/index.php\/wp-json\/wp\/v2\/tags?post=66173"}],"curies":[{"name":"wp","href":"https:\/\/api.w.org\/{rel}","templated":true}]}}