{"id":66117,"date":"2022-07-21T12:50:05","date_gmt":"2022-07-21T17:50:05","guid":{"rendered":"https:\/\/nvnoticias.mx\/?p=66117"},"modified":"2022-07-21T12:50:07","modified_gmt":"2022-07-21T17:50:07","slug":"propone-pri-reforzar-principios-en-politica-de-desarrollo-social-en-nl","status":"publish","type":"post","link":"https:\/\/nvnoticias.mx\/index.php\/2022\/07\/21\/propone-pri-reforzar-principios-en-politica-de-desarrollo-social-en-nl\/","title":{"rendered":"Propone PRI reforzar principios en Pol\u00edtica de Desarrollo Social en NL"},"content":{"rendered":"\n<p>El coordinador del PRI en el Congreso local, Heriberto Trevi\u00f1o, presentar\u00e1 hoy una iniciativa de reforma a la&nbsp;<strong>Ley de Desarrollo Social<\/strong>&nbsp;que permita implementar una pol\u00edtica de desarrollo social, integral e inclusiva que combata la pobreza y considere los principios de participaci\u00f3n social.<\/p>\n\n\n\n<p>En un comunicado, el l\u00edder de la bancada del PRI en el\u00a0Congreso del Estado\u00a0explic\u00f3 que se trata de una reforma al Art\u00edculo 5 de la Ley Estatal de Desarrollo Social, en materia de principios de pol\u00edtica social.<\/p>\n\n\n\n<blockquote class=\"wp-block-quote is-layout-flow wp-block-quote-is-layout-flow\"><p>\u201cEstimo necesario reforzar la pol\u00edtica de desarrollo social en el Estado y tomar medidas para proteger a grupos que, hist\u00f3ricamente, se han visto m\u00e1s afectados por la desigualdad, como las mujeres y los menores de edad.<\/p><\/blockquote>\n\n\n\n<blockquote class=\"wp-block-quote is-layout-flow wp-block-quote-is-layout-flow\"><p>\u201cLa iniciativa de reforma que planteo hay que verla en el contexto de que a\u00fan sufrimos los efectos econ\u00f3micos y sociales de la pandemia de covid, que causaron estragos entre la poblaci\u00f3n y es indispensable recuperar el terreno perdido con una nueva visi\u00f3n y nuevos principios en la toma de decisiones\u201d, enfatiz\u00f3.<\/p><\/blockquote>\n\n\n\n<p>En la propuesta, dijo, se propone incluir en la ley cinco nuevos principios para definir e implementar los programas de desarrollo social:&nbsp;<strong>participaci\u00f3n social, dignidad, calidad de vida, perspectiva de g\u00e9nero e inter\u00e9s superior de la ni\u00f1ez.<\/strong><\/p>\n\n\n\n<p>De acuerdo con datos del Consejo Nacional de Evaluaci\u00f3n de la Pol\u00edtica de Desarrollo Social, Nuevo Le\u00f3n sufri\u00f3 un retroceso en materia de combate a la pobreza, del 2018 al 2020, ya que el porcentaje de poblaci\u00f3n en pobreza extrema se triplic\u00f3, pasando del 0.7 por ciento al 2.1 por ciento.<\/p>\n\n\n\n<blockquote class=\"wp-block-quote is-layout-flow wp-block-quote-is-layout-flow\"><p>\u201cDurante los \u00faltimos a\u00f1os la participaci\u00f3n social ha sido fundamental en el desarrollo de la sociedad, por eso es conveniente que las personas y organizaciones intervengan en la formulaci\u00f3n, ejecuci\u00f3n y evaluaci\u00f3n de las pol\u00edticas, programas y acciones del desarrollo social.<\/p><\/blockquote>\n\n\n\n<blockquote class=\"wp-block-quote is-layout-flow wp-block-quote-is-layout-flow\"><p>\u201cAdem\u00e1s es primordial mejorar la calidad de vida los habitantes para que tengan acceso a una vida m\u00e1s justa, equitativa y equilibrada, favoreciendo el desarrollo integral de toda la comunidad, lo que brindar\u00eda dignidad y reconocimiento a los derechos y libertades inherentes a cada persona\u201d, se\u00f1al\u00f3.<\/p><\/blockquote>\n\n\n\n<p>Por \u00faltimo, dijo que la Ley Estatal de Desarrollo Social contempla ocho principios: Libertad, Justicia distributiva, Solidaridad, Integralidad, Sustentabilidad, Respeto a la diversidad y Transparencia.<\/p>\n\n\n\n<p>Fuente: <a href=\"https:\/\/amp.milenio.com\/politica\/pri-nl-propone-reforma-ley-desarrollo-social\" data-type=\"URL\" data-id=\"https:\/\/amp.milenio.com\/politica\/pri-nl-propone-reforma-ley-desarrollo-social\">Milenio<\/a><\/p>\n","protected":false},"excerpt":{"rendered":"<p>El coordinador del PRI en el Congreso local, Heriberto Trevi\u00f1o, presentar\u00e1 hoy una iniciativa de reforma a la&nbsp;Ley de Desarrollo Social&nbsp;que permita implementar una pol\u00edtica de desarrollo social, integral e inclusiva que combata la pobreza y considere los principios de participaci\u00f3n social. En un comunicado, el l\u00edder de la bancada del PRI en el\u00a0Congreso del [&hellip;]<\/p>\n","protected":false},"author":35,"featured_media":61027,"comment_status":"open","ping_status":"open","sticky":false,"template":"","format":"standard","meta":{"_monsterinsights_skip_tracking":false,"_monsterinsights_sitenote_active":false,"_monsterinsights_sitenote_note":"","_monsterinsights_sitenote_category":0,"footnotes":""},"categories":[158],"tags":[1095,17469,208,8224,9596,9631],"class_list":["post-66117","post","type-post","status-publish","format-standard","has-post-thumbnail","hentry","category-politica","tag-nuevo-leon","tag-politica-de-desarrollo-social","tag-pri","tag-principios","tag-propone","tag-reforzar","wp-image-borders"],"amp_enabled":true,"_links":{"self":[{"href":"https:\/\/nvnoticias.mx\/index.php\/wp-json\/wp\/v2\/posts\/66117","targetHints":{"allow":["GET"]}}],"collection":[{"href":"https:\/\/nvnoticias.mx\/index.php\/wp-json\/wp\/v2\/posts"}],"about":[{"href":"https:\/\/nvnoticias.mx\/index.php\/wp-json\/wp\/v2\/types\/post"}],"author":[{"embeddable":true,"href":"https:\/\/nvnoticias.mx\/index.php\/wp-json\/wp\/v2\/users\/35"}],"replies":[{"embeddable":true,"href":"https:\/\/nvnoticias.mx\/index.php\/wp-json\/wp\/v2\/comments?post=66117"}],"version-history":[{"count":1,"href":"https:\/\/nvnoticias.mx\/index.php\/wp-json\/wp\/v2\/posts\/66117\/revisions"}],"predecessor-version":[{"id":66118,"href":"https:\/\/nvnoticias.mx\/index.php\/wp-json\/wp\/v2\/posts\/66117\/revisions\/66118"}],"wp:featuredmedia":[{"embeddable":true,"href":"https:\/\/nvnoticias.mx\/index.php\/wp-json\/wp\/v2\/media\/61027"}],"wp:attachment":[{"href":"https:\/\/nvnoticias.mx\/index.php\/wp-json\/wp\/v2\/media?parent=66117"}],"wp:term":[{"taxonomy":"category","embeddable":true,"href":"https:\/\/nvnoticias.mx\/index.php\/wp-json\/wp\/v2\/categories?post=66117"},{"taxonomy":"post_tag","embeddable":true,"href":"https:\/\/nvnoticias.mx\/index.php\/wp-json\/wp\/v2\/tags?post=66117"}],"curies":[{"name":"wp","href":"https:\/\/api.w.org\/{rel}","templated":true}]}}