{"id":66060,"date":"2022-07-21T11:43:04","date_gmt":"2022-07-21T16:43:04","guid":{"rendered":"https:\/\/nvnoticias.mx\/?p=66060"},"modified":"2022-07-21T11:43:06","modified_gmt":"2022-07-21T16:43:06","slug":"confirma-barbosa-la-muerte-de-seis-personas-tras-enfrentamiento-en-jolalpan","status":"publish","type":"post","link":"https:\/\/nvnoticias.mx\/index.php\/2022\/07\/21\/confirma-barbosa-la-muerte-de-seis-personas-tras-enfrentamiento-en-jolalpan\/","title":{"rendered":"Confirma Barbosa la muerte de seis personas tras enfrentamiento en Jolalpan"},"content":{"rendered":"\n<p><strong><em>&#8220;En Puebla no vamos a permitir que se sustituya a la vida institucional en materia de seguridad p\u00fablica por ning\u00fan grupo ciudadano armado o no armado, es inadmisible&#8221;<\/em><\/strong>, dej\u00f3 en claro el gobernador Miguel Barbosa Huerta, tras confirmar la muerte de 6 personas y varios heridos, tras el entrenamiento entre integrantes de un cartel de Guerrero y autodefensas de&nbsp;<strong>&#8220;Fuerza Territorial Poblana&#8221;<\/strong>&nbsp;en el municipio de Jolalpan.<\/p>\n\n\n\n<p>En rueda de prensa, el mandatario a\u00f1adi\u00f3 que \u00e9l siempre estar\u00e1 del lado de los poblanos, y lo que ocurri\u00f3 ayer fue un enfrentamiento entre presuntos grupos criminales de Guerrero con un grupo denominado<strong><em>&nbsp;&#8220;Fuerza Territorial Poblana&#8221;<\/em><\/strong>, dejando como saldo seis personas muertas y un buen n\u00famero de heridos que a\u00fan no se ha determinado porque se sigue investigando, ya que unos est\u00e1n en hospitales privados y otros en p\u00fablicos.<\/p>\n\n\n\n<p>Detall\u00f3 que las autoridades investigan los hechos, no obstante dijo que es inadmisible la existencia de estos grupos armados particulares, que act\u00faan como fuerzas del orden.<\/p>\n\n\n\n<blockquote class=\"wp-block-quote is-layout-flow wp-block-quote-is-layout-flow\"><p>&#8220;Nosotros estamos del lado de los poblanos, siempre, nunca del lado de los grupos de los delincuentes que nos invaden de estados vecinos&#8221;, dijo al a\u00f1adir que es necesaria una estrategia coordinada de seguridad con los tres \u00f3rdenes de Gobierno, a fin de devolver a toda esa zona la tranquilidad.<\/p><\/blockquote>\n\n\n\n<p>Fuente:<a href=\"https:\/\/amp.milenio.com\/estados\/barbosa-confirma-muerte-6-personas-enfrentamiento-jolalpan\" data-type=\"URL\" data-id=\"https:\/\/amp.milenio.com\/estados\/barbosa-confirma-muerte-6-personas-enfrentamiento-jolalpan\"> Milenio<\/a><\/p>\n","protected":false},"excerpt":{"rendered":"<p>&#8220;En Puebla no vamos a permitir que se sustituya a la vida institucional en materia de seguridad p\u00fablica por ning\u00fan grupo ciudadano armado o no armado, es inadmisible&#8221;, dej\u00f3 en claro el gobernador Miguel Barbosa Huerta, tras confirmar la muerte de 6 personas y varios heridos, tras el entrenamiento entre integrantes de un cartel de [&hellip;]<\/p>\n","protected":false},"author":35,"featured_media":2826,"comment_status":"open","ping_status":"open","sticky":false,"template":"","format":"standard","meta":{"_monsterinsights_skip_tracking":false,"_monsterinsights_sitenote_active":false,"_monsterinsights_sitenote_note":"","_monsterinsights_sitenote_category":0,"footnotes":""},"categories":[158],"tags":[8413,730,17450,849,311],"class_list":["post-66060","post","type-post","status-publish","format-standard","has-post-thumbnail","hentry","category-politica","tag-confirma","tag-enfrentamiento","tag-jolalpan","tag-miguel-barbosa","tag-muerte","wp-image-borders"],"amp_enabled":true,"_links":{"self":[{"href":"https:\/\/nvnoticias.mx\/index.php\/wp-json\/wp\/v2\/posts\/66060","targetHints":{"allow":["GET"]}}],"collection":[{"href":"https:\/\/nvnoticias.mx\/index.php\/wp-json\/wp\/v2\/posts"}],"about":[{"href":"https:\/\/nvnoticias.mx\/index.php\/wp-json\/wp\/v2\/types\/post"}],"author":[{"embeddable":true,"href":"https:\/\/nvnoticias.mx\/index.php\/wp-json\/wp\/v2\/users\/35"}],"replies":[{"embeddable":true,"href":"https:\/\/nvnoticias.mx\/index.php\/wp-json\/wp\/v2\/comments?post=66060"}],"version-history":[{"count":1,"href":"https:\/\/nvnoticias.mx\/index.php\/wp-json\/wp\/v2\/posts\/66060\/revisions"}],"predecessor-version":[{"id":66061,"href":"https:\/\/nvnoticias.mx\/index.php\/wp-json\/wp\/v2\/posts\/66060\/revisions\/66061"}],"wp:featuredmedia":[{"embeddable":true,"href":"https:\/\/nvnoticias.mx\/index.php\/wp-json\/wp\/v2\/media\/2826"}],"wp:attachment":[{"href":"https:\/\/nvnoticias.mx\/index.php\/wp-json\/wp\/v2\/media?parent=66060"}],"wp:term":[{"taxonomy":"category","embeddable":true,"href":"https:\/\/nvnoticias.mx\/index.php\/wp-json\/wp\/v2\/categories?post=66060"},{"taxonomy":"post_tag","embeddable":true,"href":"https:\/\/nvnoticias.mx\/index.php\/wp-json\/wp\/v2\/tags?post=66060"}],"curies":[{"name":"wp","href":"https:\/\/api.w.org\/{rel}","templated":true}]}}