{"id":66038,"date":"2022-07-21T10:18:45","date_gmt":"2022-07-21T15:18:45","guid":{"rendered":"https:\/\/nvnoticias.mx\/?p=66038"},"modified":"2022-07-21T10:18:45","modified_gmt":"2022-07-21T15:18:45","slug":"abre-fiscalia-de-jalisco-proceso-en-contra-de-sergio-ismael-n-tras-muerte-de-luz-raquel","status":"publish","type":"post","link":"https:\/\/nvnoticias.mx\/index.php\/2022\/07\/21\/abre-fiscalia-de-jalisco-proceso-en-contra-de-sergio-ismael-n-tras-muerte-de-luz-raquel\/","title":{"rendered":"Abre Fiscal\u00eda de Jalisco proceso en contra de Sergio Ismael \u201cN\u201d tras muerte de Luz Raquel"},"content":{"rendered":"\n<p>El Fiscal del Estado de Jalisco\u00a0<strong>Luis Joaqu\u00edn M\u00e9ndez Ruiz<\/strong>\u00a0inform\u00f3 que se inici\u00f3 un proceso judicial en contra de<strong>\u00a0Sergio Ismael \u201cN\u201d<\/strong>, vecino y principal sospechoso de\u00a0<strong>la muerte de Luz Raquel Padilla<\/strong>, quien fue agredida con alcohol y posteriormente con fuego el s\u00e1bado 16 de julio. El organismo detall\u00f3 que la\u00a0<strong>orden cumplimentada\u00a0<\/strong>en contra del sujeto se debe a delitos cometidos anteriormente.<\/p>\n\n\n\n<blockquote class=\"wp-block-quote is-layout-flow wp-block-quote-is-layout-flow\"><p>\u201cSe logr\u00f3 recabar el testimonio de Sergio Ismael \u2018N\u2019. Testimonio el cual est\u00e1 incorporado en la carpeta y formar\u00e1 parte de la investigaci\u00f3n. De la misma manera, informar que a la misma persona, Sergio Ismael \u201cN\u201d,<strong>\u00a0se le logr\u00f3 cumplimentar un mandamiento judicial por delitos de lesiones<\/strong>, amenazas y delitos cometidos en contra de la dignidad de las personas por hechos anteriores\u201d, dijo el fiscal.<\/p><\/blockquote>\n\n\n\n<p>El ataque con desenlace mortal tuvo lugar en la colonia\u00a0<strong>Arcos de Zapopan<\/strong>\u00a0a unas calles del domicilio de la v\u00edctima, pero de acuerdo con las primeras indagaciones de las autoridades, no se tiene informaci\u00f3n de que Sergio Ismael \u201cN\u201d haya estado en el lugar al momento en que ocurrieron los hechos. No obstante, su probable responsabilidad es una de las principales l\u00edneas de investigaci\u00f3n.<\/p>\n\n\n\n<p>Y es que, Luz Raquel ya hab\u00eda denunciado agresiones por parte del sujeto y su madre luego de que en mayo pasado fue atacada con cloro industrial y recib\u00eda constantes amenazas de muertes. Seg\u00fan lo dicho por el gobernador de la entidad,\u00a0<strong>Enrique Alfaro<\/strong>, y contradiciendo lo entonces declarado por amigos y familiares,\u00a0<strong>la v\u00edctima s\u00ed contaba con medidas de protecci\u00f3n<\/strong>.<\/p>\n\n\n\n<p>Tras ser agredida con cloro, acudi\u00f3 a la Comisar\u00eda de Zapopan para iniciar con la denuncia correspondiente. De acuerdo con\u00a0<strong>Mily Ram\u00edrez,<\/strong>\u00a0amiga y coordinadora de las colectivas YoCuidoM\u00e9xico y Familias y Retos Extraordinarios A.C. (asociaciones de las que era integrante), Luz solicit\u00f3 el mecanismo de protecci\u00f3n\u00a0<strong>\u201cPulso de Vida\u201d, mismo que le fue negado\u00a0<\/strong>porque los problemas eran \u201c<strong>chismes vecinales\u201d<\/strong>.<\/p>\n\n\n\n<blockquote class=\"wp-block-quote is-layout-flow wp-block-quote-is-layout-flow\"><p>\u201cLamento profundamente esta tragedia que indigna a todos y que tambi\u00e9n nos ha mostrado la peor de las consecuencias de una descomposici\u00f3n social que ha cruzado cualquier l\u00edmite, de una brutalidad que, m\u00e1s all\u00e1 de la seguridad, habla de la violencia desde el n\u00facleo de la sociedad.\u00a0<strong>Luz ten\u00eda medidas de protecci\u00f3n vigentes y una carpeta judicializada<\/strong>, en coordinaci\u00f3n con la @PoliciaZapopan\u00a0<strong>hab\u00eda rondines de vigilancia y se le dio atenci\u00f3n de manera personal<\/strong>, pero nada fue suficiente ante una atrocidad as\u00ed\u201d, asegur\u00f3 el gobernador.<\/p><\/blockquote>\n\n\n\n<p>La v\u00edctima era&nbsp;<strong>madre de un menor de 11 a\u00f1os diagn\u00f3sticado con transtorno del espectro autista<\/strong>&nbsp;del cual era la cuidadora primaria. Viv\u00eda junto a su madre que es quien se encargaba principalmente del sustento econ\u00f3mico. Ram\u00edrez inform\u00f3 que tras darse a conocer el fallecimiento, se reuni\u00f3 con el presidente muncipal de Zapopan,&nbsp;<strong>Juan Jos\u00e9 Frangie<\/strong>, y acordaron tomar medidas para asegurar el bienestar de la familia afectada.<\/p>\n\n\n\n<p>Ahora con la abuela como principal responsable del ni\u00f1o se le otorgar\u00e1 una beca vitalicia para poder cubir los gastos diarios y ser\u00e1 beneficiaria del mecanismo \u201cPulso de Vida\u201d. De igual forma, Ram\u00edrez comparti\u00f3 que el funcionario ofreci\u00f3 que su gobierno se hiciera cargo de los pagos generados por los servicio funerarios, as\u00ed como otorgar un espacio en el pante\u00f3n. Tambi\u00e9n se determin\u00f3 que el menor tendr\u00e1 cobertura m\u00e9dica integral y al igual que su abuela, una beca vitalicia.<\/p>\n\n\n\n<p>Fuente:<a href=\"https:\/\/www.infobae.com\/america\/mexico\/2022\/07\/21\/luz-raquel-jalisco-luis-joaquin-mendez-fiscalia-de-jalisco-abrio-proceso-judicial-en-contra-de-sergio-ismael-n\/\" data-type=\"URL\" data-id=\"https:\/\/www.infobae.com\/america\/mexico\/2022\/07\/21\/luz-raquel-jalisco-luis-joaquin-mendez-fiscalia-de-jalisco-abrio-proceso-judicial-en-contra-de-sergio-ismael-n\/\"> Infobae<\/a><\/p>\n","protected":false},"excerpt":{"rendered":"<p>El Fiscal del Estado de Jalisco\u00a0Luis Joaqu\u00edn M\u00e9ndez Ruiz\u00a0inform\u00f3 que se inici\u00f3 un proceso judicial en contra de\u00a0Sergio Ismael \u201cN\u201d, vecino y principal sospechoso de\u00a0la muerte de Luz Raquel Padilla, quien fue agredida con alcohol y posteriormente con fuego el s\u00e1bado 16 de julio. El organismo detall\u00f3 que la\u00a0orden cumplimentada\u00a0en contra del sujeto se debe [&hellip;]<\/p>\n","protected":false},"author":35,"featured_media":66040,"comment_status":"open","ping_status":"open","sticky":false,"template":"","format":"standard","meta":{"_monsterinsights_skip_tracking":false,"_monsterinsights_sitenote_active":false,"_monsterinsights_sitenote_note":"","_monsterinsights_sitenote_category":0,"footnotes":""},"categories":[157],"tags":[10089,5459,7197,17443,311,2189,17442],"class_list":["post-66038","post","type-post","status-publish","format-standard","has-post-thumbnail","hentry","category-nacional","tag-abre","tag-contra","tag-fiscalia-de-jalisco","tag-luz-raquel","tag-muerte","tag-proceso","tag-sergio-ismael-n","wp-image-borders"],"amp_enabled":true,"_links":{"self":[{"href":"https:\/\/nvnoticias.mx\/index.php\/wp-json\/wp\/v2\/posts\/66038","targetHints":{"allow":["GET"]}}],"collection":[{"href":"https:\/\/nvnoticias.mx\/index.php\/wp-json\/wp\/v2\/posts"}],"about":[{"href":"https:\/\/nvnoticias.mx\/index.php\/wp-json\/wp\/v2\/types\/post"}],"author":[{"embeddable":true,"href":"https:\/\/nvnoticias.mx\/index.php\/wp-json\/wp\/v2\/users\/35"}],"replies":[{"embeddable":true,"href":"https:\/\/nvnoticias.mx\/index.php\/wp-json\/wp\/v2\/comments?post=66038"}],"version-history":[{"count":1,"href":"https:\/\/nvnoticias.mx\/index.php\/wp-json\/wp\/v2\/posts\/66038\/revisions"}],"predecessor-version":[{"id":66041,"href":"https:\/\/nvnoticias.mx\/index.php\/wp-json\/wp\/v2\/posts\/66038\/revisions\/66041"}],"wp:featuredmedia":[{"embeddable":true,"href":"https:\/\/nvnoticias.mx\/index.php\/wp-json\/wp\/v2\/media\/66040"}],"wp:attachment":[{"href":"https:\/\/nvnoticias.mx\/index.php\/wp-json\/wp\/v2\/media?parent=66038"}],"wp:term":[{"taxonomy":"category","embeddable":true,"href":"https:\/\/nvnoticias.mx\/index.php\/wp-json\/wp\/v2\/categories?post=66038"},{"taxonomy":"post_tag","embeddable":true,"href":"https:\/\/nvnoticias.mx\/index.php\/wp-json\/wp\/v2\/tags?post=66038"}],"curies":[{"name":"wp","href":"https:\/\/api.w.org\/{rel}","templated":true}]}}