{"id":65999,"date":"2022-07-20T16:52:44","date_gmt":"2022-07-20T21:52:44","guid":{"rendered":"https:\/\/nvnoticias.mx\/?p=65999"},"modified":"2022-07-20T16:52:46","modified_gmt":"2022-07-20T21:52:46","slug":"avalan-calendario-de-parlamento-abierto-sobre-reforma-electoral-costara-20-mdp","status":"publish","type":"post","link":"https:\/\/nvnoticias.mx\/index.php\/2022\/07\/20\/avalan-calendario-de-parlamento-abierto-sobre-reforma-electoral-costara-20-mdp\/","title":{"rendered":"Avalan calendario de Parlamento abierto sobre Reforma Electoral; costar\u00e1 20 mdp"},"content":{"rendered":"\n<p>Con el voto mayoritario de Morena, PVEM y PT, la Junta de Coordinaci\u00f3n Pol\u00edtica de la C\u00e1mara de Diputados aprob\u00f3 el acuerdo para celebrar el parlamento abierto sobre la reforma electoral del 26 de julio al 25 de agosto, para lo cual se autoriz\u00f3 un presupuesto de 20 millones de pesos. <\/p>\n\n\n\n<p>Los grupos parlamentarios del PAN, PRI, MC y PRD se abstuvieron en la votaci\u00f3n, aunque el coordinador perredista Luis Ch\u00e1zaro inform\u00f3 que la coalici\u00f3n legislativa \u201cVa por M\u00e9xico\u201d prev\u00e9 organizar sus propios foros en paralelo para analizar la iniciativa presidencial. <\/p>\n\n\n\n<p>El coordinador de Morena en el Palacio de San L\u00e1zaro, Ignacio Mier, detall\u00f3 que la Junta de Coordinaci\u00f3n Pol\u00edtica integrar\u00e1 las conclusiones de los foros y las turnar\u00e1 a las comisiones de Puntos Constitucionales y de Reforma Pol\u00edtica Electoral a m\u00e1s tardar el 1 de septiembre, a fin de incorporarlas en su momento al dictamen. <\/p>\n\n\n\n<p>El parlamento abierto sobre la reforma electoral se desarrollar\u00e1 sobre cuatro ejes tem\u00e1ticos: Sistema de partidos, Instituciones electorales, Sistema electoral y\u00a0Diversidad e inclusi\u00f3n.<\/p>\n\n\n\n<p>Para el an\u00e1lisis y la discusi\u00f3n de las iniciativas de reforma electoral se definieron tres formatos, el de los di\u00e1logos con la Junta de Coordinaci\u00f3n Pol\u00edtica, el debate en comisiones y el debate en el Canal del Congreso, detall\u00f3 Mier. <\/p>\n\n\n\n<p>Explic\u00f3 asimismo que el debate considerar\u00e1 un total de 49 iniciativas de reformas electorales presentadas durante las legislaturas 64 y 65, incluida la enviada por el presidente Andr\u00e9s Manuel L\u00f3pez Obrador a la C\u00e1mara de Diputados. <\/p>\n\n\n\n<p>Fuente: <a href=\"https:\/\/www.milenio.com\/politica\/diputados-acuerdan-parlamento-abierto-reforma-electoral_2\">Milenio<\/a><\/p>\n","protected":false},"excerpt":{"rendered":"<p>Con el voto mayoritario de Morena, PVEM y PT, la Junta de Coordinaci\u00f3n Pol\u00edtica de la C\u00e1mara de Diputados aprob\u00f3 el acuerdo para celebrar el parlamento abierto sobre la reforma electoral del 26 de julio al 25 de agosto, para lo cual se autoriz\u00f3 un presupuesto de 20 millones de pesos. Los grupos parlamentarios del [&hellip;]<\/p>\n","protected":false},"author":8,"featured_media":46904,"comment_status":"open","ping_status":"open","sticky":false,"template":"","format":"standard","meta":{"_monsterinsights_skip_tracking":false,"_monsterinsights_sitenote_active":false,"_monsterinsights_sitenote_note":"","_monsterinsights_sitenote_category":0,"footnotes":""},"categories":[158],"tags":[17437,162,4409],"class_list":["post-65999","post","type-post","status-publish","format-standard","has-post-thumbnail","hentry","category-politica","tag-calendario-parlamento-abierto","tag-portada","tag-reforma-electoral","wp-image-borders"],"amp_enabled":true,"_links":{"self":[{"href":"https:\/\/nvnoticias.mx\/index.php\/wp-json\/wp\/v2\/posts\/65999","targetHints":{"allow":["GET"]}}],"collection":[{"href":"https:\/\/nvnoticias.mx\/index.php\/wp-json\/wp\/v2\/posts"}],"about":[{"href":"https:\/\/nvnoticias.mx\/index.php\/wp-json\/wp\/v2\/types\/post"}],"author":[{"embeddable":true,"href":"https:\/\/nvnoticias.mx\/index.php\/wp-json\/wp\/v2\/users\/8"}],"replies":[{"embeddable":true,"href":"https:\/\/nvnoticias.mx\/index.php\/wp-json\/wp\/v2\/comments?post=65999"}],"version-history":[{"count":1,"href":"https:\/\/nvnoticias.mx\/index.php\/wp-json\/wp\/v2\/posts\/65999\/revisions"}],"predecessor-version":[{"id":66000,"href":"https:\/\/nvnoticias.mx\/index.php\/wp-json\/wp\/v2\/posts\/65999\/revisions\/66000"}],"wp:featuredmedia":[{"embeddable":true,"href":"https:\/\/nvnoticias.mx\/index.php\/wp-json\/wp\/v2\/media\/46904"}],"wp:attachment":[{"href":"https:\/\/nvnoticias.mx\/index.php\/wp-json\/wp\/v2\/media?parent=65999"}],"wp:term":[{"taxonomy":"category","embeddable":true,"href":"https:\/\/nvnoticias.mx\/index.php\/wp-json\/wp\/v2\/categories?post=65999"},{"taxonomy":"post_tag","embeddable":true,"href":"https:\/\/nvnoticias.mx\/index.php\/wp-json\/wp\/v2\/tags?post=65999"}],"curies":[{"name":"wp","href":"https:\/\/api.w.org\/{rel}","templated":true}]}}