{"id":6597,"date":"2021-03-04T14:04:21","date_gmt":"2021-03-04T20:04:21","guid":{"rendered":"https:\/\/nvnoticias.mx\/?p=6597"},"modified":"2021-03-04T14:04:22","modified_gmt":"2021-03-04T20:04:22","slug":"violencia-se-debe-a-que-municipes-andan-en-temas-no-correctos","status":"publish","type":"post","link":"https:\/\/nvnoticias.mx\/index.php\/2021\/03\/04\/violencia-se-debe-a-que-municipes-andan-en-temas-no-correctos\/","title":{"rendered":"Violencia en Veracruz se debe a que mun\u00edcipes andan en temas \u201cno correctos\u201d: UC"},"content":{"rendered":"\n<p><strong>Sam Ojeda \/ NV Noticias<\/strong><\/p>\n\n\n\n<p>Xalapa.- El secretario general del partido Unidad Ciudadana (UC), Francisco Hern\u00e1ndez Toriz, advirti\u00f3 que en Veracruz la violencia se ha incrementado porque los presidentes municipales y funcionarios est\u00e9n inmiscuidos en \u201ctemas no correctos\u201d.<\/p>\n\n\n\n<blockquote class=\"wp-block-quote is-layout-flow wp-block-quote-is-layout-flow\"><p>\u201cHoy encontramos un clima de violencia porque los alcaldes no est\u00e1n haciendo lo que les toca, los funcionarios p\u00fablicos realmente est\u00e1n metidos en temas no correctos, est\u00e1n generando violencia en sus municipios\u201d.<\/p><\/blockquote>\n\n\n\n<p>Acus\u00f3 que las autoridades municipales no cuentan con un plan de Gobierno que les permita responder de manera eficaz no solo ante la seguridad sino ante las necesidades b\u00e1sicas de los ciudadanos.<\/p>\n\n\n\n<blockquote class=\"wp-block-quote is-layout-flow wp-block-quote-is-layout-flow\"><p>\u201cNo est\u00e1n siendo buenos gobierno, no tienen buenos modelos de gobierno y s\u00ed, est\u00e1n afectando mucho el clima y el desarrollo de las futuras campa\u00f1as\u201d, se\u00f1al\u00f3.<\/p><\/blockquote>\n\n\n\n<p>En los recorridos que han realizado la mayor queja de la poblaci\u00f3n es precisamente la inseguridad por lo cual este es uno de los temas que ser\u00e1n determinantes para las pr\u00f3ximas autoridades.&nbsp;<\/p>\n\n\n\n<p>Dijo que a la violencia f\u00edsica se suma la pol\u00edtica que desde su punto de vista se recrudece cada vez m\u00e1s en el estado y especialmente contra las mujeres, ya que puso como ejemplo el caso de una aspirante a candidata que sufri\u00f3 amenazas.<\/p>\n\n\n\n<p>En este caso, indic\u00f3 que se present\u00f3 la denuncia corresponde y se solicitaron medidas cautelares para salvaguardar su seguridad.&nbsp;<\/p>\n\n\n\n<p>Ante ello, insisti\u00f3 en que es necesario que el Gobierno del estado refuerce la seguridad para garantizar el pleno desarrollo del proceso electoral, as\u00ed como la jornada del pr\u00f3ximo 6 de junio.<\/p>\n","protected":false},"excerpt":{"rendered":"<p>Sam Ojeda \/ NV Noticias Xalapa.- El secretario general del partido Unidad Ciudadana (UC), Francisco Hern\u00e1ndez Toriz, advirti\u00f3 que en Veracruz la violencia se ha incrementado porque los presidentes municipales y funcionarios est\u00e9n inmiscuidos en \u201ctemas no correctos\u201d. \u201cHoy encontramos un clima de violencia porque los alcaldes no est\u00e1n haciendo lo que les toca, los [&hellip;]<\/p>\n","protected":false},"author":6,"featured_media":6598,"comment_status":"open","ping_status":"open","sticky":false,"template":"","format":"standard","meta":{"_monsterinsights_skip_tracking":false,"_monsterinsights_sitenote_active":false,"_monsterinsights_sitenote_note":"","_monsterinsights_sitenote_category":0,"footnotes":""},"categories":[158],"tags":[1996,1995,180,203],"class_list":["post-6597","post","type-post","status-publish","format-standard","has-post-thumbnail","hentry","category-politica","tag-francisco-hernandez-toriz","tag-partido-unidad-ciudadana","tag-veracruz","tag-violencia","wp-image-borders"],"amp_enabled":true,"_links":{"self":[{"href":"https:\/\/nvnoticias.mx\/index.php\/wp-json\/wp\/v2\/posts\/6597","targetHints":{"allow":["GET"]}}],"collection":[{"href":"https:\/\/nvnoticias.mx\/index.php\/wp-json\/wp\/v2\/posts"}],"about":[{"href":"https:\/\/nvnoticias.mx\/index.php\/wp-json\/wp\/v2\/types\/post"}],"author":[{"embeddable":true,"href":"https:\/\/nvnoticias.mx\/index.php\/wp-json\/wp\/v2\/users\/6"}],"replies":[{"embeddable":true,"href":"https:\/\/nvnoticias.mx\/index.php\/wp-json\/wp\/v2\/comments?post=6597"}],"version-history":[{"count":1,"href":"https:\/\/nvnoticias.mx\/index.php\/wp-json\/wp\/v2\/posts\/6597\/revisions"}],"predecessor-version":[{"id":6599,"href":"https:\/\/nvnoticias.mx\/index.php\/wp-json\/wp\/v2\/posts\/6597\/revisions\/6599"}],"wp:featuredmedia":[{"embeddable":true,"href":"https:\/\/nvnoticias.mx\/index.php\/wp-json\/wp\/v2\/media\/6598"}],"wp:attachment":[{"href":"https:\/\/nvnoticias.mx\/index.php\/wp-json\/wp\/v2\/media?parent=6597"}],"wp:term":[{"taxonomy":"category","embeddable":true,"href":"https:\/\/nvnoticias.mx\/index.php\/wp-json\/wp\/v2\/categories?post=6597"},{"taxonomy":"post_tag","embeddable":true,"href":"https:\/\/nvnoticias.mx\/index.php\/wp-json\/wp\/v2\/tags?post=6597"}],"curies":[{"name":"wp","href":"https:\/\/api.w.org\/{rel}","templated":true}]}}