{"id":65946,"date":"2022-07-20T13:22:10","date_gmt":"2022-07-20T18:22:10","guid":{"rendered":"https:\/\/nvnoticias.mx\/?p=65946"},"modified":"2022-07-20T13:22:11","modified_gmt":"2022-07-20T18:22:11","slug":"anuncia-amlo-que-mexico-respondera-a-eu","status":"publish","type":"post","link":"https:\/\/nvnoticias.mx\/index.php\/2022\/07\/20\/anuncia-amlo-que-mexico-respondera-a-eu\/","title":{"rendered":"Anuncia AMLO que M\u00e9xico responder\u00e1 a EU"},"content":{"rendered":"\n<p>El presidente&nbsp;<strong>Andr\u00e9s Manuel L\u00f3pez Obrador<\/strong>&nbsp;asegur\u00f3 que la<strong>&nbsp;pol\u00edtica energ\u00e9tica&nbsp;<\/strong>que emprendi\u00f3 su gobierno&nbsp;<strong>no est\u00e1 violando el Tratado Comercial<\/strong>&nbsp;entre M\u00e9xico, Estados Unidos y Canad\u00e1 (<strong>T-MEC<\/strong>), por lo que dijo \u201cno hay ning\u00fan problema de nada\u201d en que Estados Unidos pida cuentas ante un mecanismo internacional; adelant\u00f3 que ya alistan la respuesta.&nbsp;<\/p>\n\n\n\n<p>En su conferencia\u00a0Ma\u00f1anera\u00a0en Palacio Nacional, este mi\u00e9rcoles\u00a0<strong>acus\u00f3<\/strong>\u00a0que son la empresa espa\u00f1ola\u00a0<strong>Iberdrola<\/strong>\u00a0y empresarios en M\u00e9xico los que est\u00e1n<strong>\u00a0promoviendo que EU recurra a la resoluci\u00f3n de disputas<\/strong>\u00a0del T-MEC por considerar que la pol\u00edticas energ\u00e9ticas en M\u00e9xico son discriminatorias, violan el T-MEC, y privilegiar a CFE y Pemex.<\/p>\n\n\n\n<blockquote class=\"wp-block-quote is-layout-flow wp-block-quote-is-layout-flow\"><p>\u201cVamos a recibir la propuesta, se va a analizar, esto lo tiene que ver la Secretar\u00eda de Econom\u00eda, no hay ning\u00fan problema de nada, todo lo que estamos haciendo en materia energ\u00e9tica es de conformidad, con las leyes.<\/p><\/blockquote>\n\n\n\n<blockquote class=\"wp-block-quote is-layout-flow wp-block-quote-is-layout-flow\"><p>&#8220;Les\u00a0<strong>molest\u00f3 much\u00edsimo la ley el\u00e9ctrica<\/strong>, sobre todo la resoluci\u00f3n de la Corte, porque ellos pensaban que en el poder judicial se iban a revertir medidas como lo del autoabasto, y la Corte decide que el\u00a0<strong>autoabasto es un fraude legal<\/strong>\u201d, dijo.\u00a0<\/p><\/blockquote>\n\n\n\n<p>-\u00bfHay que necesitar el T-MEC para evitar que se hable de violaciones? -se le pregunt\u00f3 al mandatario.&nbsp;<\/p>\n\n\n\n<blockquote class=\"wp-block-quote is-layout-flow wp-block-quote-is-layout-flow\"><p>\u201cNo, no, no, est\u00e1 muy bien, si se necesitara\u2026 Ahora que empezaron con esto le mand\u00e9 un texto, una consulta a Jes\u00fas Seade, que fue el que nos represent\u00f3 en la negociaci\u00f3n, y ah\u00ed tengo la respuesta, no hay ninguna violaci\u00f3n al tratado&#8221;, contest\u00f3.\u00a0<\/p><\/blockquote>\n\n\n\n<p>Tambi\u00e9n destac\u00f3 que si Estados Unidos apoya pr\u00e1cticas como el autoabasto de energ\u00eda el\u00e9ctrica en M\u00e9xico, \u00e9l\u00a0<strong>enviar\u00e1 una carta<\/strong>\u00a0a su par de Estados Unidos,\u00a0<strong>Joe Biden.\u00a0<\/strong><\/p>\n\n\n\n<p>\u201cYa parece que el gobierno de Estados Unidos va a exponerse a que nosotros les contestemos que est\u00e1n apoyando a corruptos. Claro, en el caso&nbsp; de que fuese as\u00ed, claro que lo har\u00edamos, le mandar\u00eda yo una carta al presidente Biden, claro, decir \u2018oiga, \u00bfusted&nbsp;<strong>est\u00e1 de acuerdo que pague m\u00e1s por la luz,<\/strong>&nbsp;proporcionalmente hablando, una familia mexicana que lo que paga una empresa como Oxxo?, \u00bfeso es lo que ustedes est\u00e1n defendiendo?\u2019, claro que&nbsp;<strong>ni est\u00e1 pensando el presidente Biden en eso<\/strong>.&nbsp;<\/p>\n\n\n\n<blockquote class=\"wp-block-quote is-layout-flow wp-block-quote-is-layout-flow\"><p>\u201cEsto es un asunto de estos&nbsp;<strong>intereses ultra conservadores<\/strong>,&nbsp;<strong>acostumbrados a saquear, a robar<\/strong>, esto es hechura del presidente de consejo de Iberdrola, que estaban acostumbrados a saquear que eran los due\u00f1os, o se sent\u00edan los due\u00f1os del pa\u00eds, pero eso ya cambi\u00f3\u201d, dijo.<\/p><\/blockquote>\n\n\n\n<p>Fuente:<a href=\"https:\/\/heraldodemexico.com.mx\/nacional\/2022\/7\/20\/no-hay-ninguna-violacion-al-t-mec-amlo-anuncia-que-mexico-respondera-eu-423555.html\" data-type=\"URL\" data-id=\"https:\/\/heraldodemexico.com.mx\/nacional\/2022\/7\/20\/no-hay-ninguna-violacion-al-t-mec-amlo-anuncia-que-mexico-respondera-eu-423555.html\"> El Heraldo de M\u00e9xico <\/a><\/p>\n","protected":false},"excerpt":{"rendered":"<p>El presidente&nbsp;Andr\u00e9s Manuel L\u00f3pez Obrador&nbsp;asegur\u00f3 que la&nbsp;pol\u00edtica energ\u00e9tica&nbsp;que emprendi\u00f3 su gobierno&nbsp;no est\u00e1 violando el Tratado Comercial&nbsp;entre M\u00e9xico, Estados Unidos y Canad\u00e1 (T-MEC), por lo que dijo \u201cno hay ning\u00fan problema de nada\u201d en que Estados Unidos pida cuentas ante un mecanismo internacional; adelant\u00f3 que ya alistan la respuesta.&nbsp; En su conferencia\u00a0Ma\u00f1anera\u00a0en Palacio Nacional, este mi\u00e9rcoles\u00a0acus\u00f3\u00a0que [&hellip;]<\/p>\n","protected":false},"author":35,"featured_media":63150,"comment_status":"open","ping_status":"open","sticky":false,"template":"","format":"standard","meta":{"_monsterinsights_skip_tracking":false,"_monsterinsights_sitenote_active":false,"_monsterinsights_sitenote_note":"","_monsterinsights_sitenote_category":0,"footnotes":""},"categories":[158],"tags":[188,7791,183,292,17424],"class_list":["post-65946","post","type-post","status-publish","format-standard","has-post-thumbnail","hentry","category-politica","tag-amlo","tag-anuncia","tag-estados-unidos","tag-mexico","tag-respondera","wp-image-borders"],"amp_enabled":true,"_links":{"self":[{"href":"https:\/\/nvnoticias.mx\/index.php\/wp-json\/wp\/v2\/posts\/65946","targetHints":{"allow":["GET"]}}],"collection":[{"href":"https:\/\/nvnoticias.mx\/index.php\/wp-json\/wp\/v2\/posts"}],"about":[{"href":"https:\/\/nvnoticias.mx\/index.php\/wp-json\/wp\/v2\/types\/post"}],"author":[{"embeddable":true,"href":"https:\/\/nvnoticias.mx\/index.php\/wp-json\/wp\/v2\/users\/35"}],"replies":[{"embeddable":true,"href":"https:\/\/nvnoticias.mx\/index.php\/wp-json\/wp\/v2\/comments?post=65946"}],"version-history":[{"count":1,"href":"https:\/\/nvnoticias.mx\/index.php\/wp-json\/wp\/v2\/posts\/65946\/revisions"}],"predecessor-version":[{"id":65948,"href":"https:\/\/nvnoticias.mx\/index.php\/wp-json\/wp\/v2\/posts\/65946\/revisions\/65948"}],"wp:featuredmedia":[{"embeddable":true,"href":"https:\/\/nvnoticias.mx\/index.php\/wp-json\/wp\/v2\/media\/63150"}],"wp:attachment":[{"href":"https:\/\/nvnoticias.mx\/index.php\/wp-json\/wp\/v2\/media?parent=65946"}],"wp:term":[{"taxonomy":"category","embeddable":true,"href":"https:\/\/nvnoticias.mx\/index.php\/wp-json\/wp\/v2\/categories?post=65946"},{"taxonomy":"post_tag","embeddable":true,"href":"https:\/\/nvnoticias.mx\/index.php\/wp-json\/wp\/v2\/tags?post=65946"}],"curies":[{"name":"wp","href":"https:\/\/api.w.org\/{rel}","templated":true}]}}