{"id":65853,"date":"2022-07-20T10:00:45","date_gmt":"2022-07-20T15:00:45","guid":{"rendered":"https:\/\/nvnoticias.mx\/?p=65853"},"modified":"2022-07-20T10:00:47","modified_gmt":"2022-07-20T15:00:47","slug":"responde-alito-a-layda-sansores-tras-la-filtracion-de-nuevo-audio","status":"publish","type":"post","link":"https:\/\/nvnoticias.mx\/index.php\/2022\/07\/20\/responde-alito-a-layda-sansores-tras-la-filtracion-de-nuevo-audio\/","title":{"rendered":"Responde Alito a Layda Sansores tras la filtraci\u00f3n de nuevo audio"},"content":{"rendered":"\n<p><strong>Alejandro&nbsp;<\/strong><em><strong>Alito&nbsp;<\/strong><\/em><strong>Moreno<\/strong>, presidente nacional del<strong>&nbsp;Partido Revolucionario Institucional<\/strong>&nbsp;(<strong>PRI<\/strong>), ya le contest\u00f3 a<strong>&nbsp;Layda Sansores<\/strong>, gobernadora de&nbsp;<strong>Campeche<\/strong>, quien filtr\u00f3, nuevamente, un audio que pone en tela de juicio la calidad moral del abanderado del tricolor.<\/p>\n\n\n\n<p>A trav\u00e9s de redes sociales, Moreno C\u00e1rdenas asegur\u00f3 este martes 19 de julio que la gobernadora por&nbsp;<strong>Movimiento Regeneraci\u00f3n Nacional<\/strong>&nbsp;(<strong>Morena<\/strong>) cometi\u00f3 un delito federal \u201cal quebrantar un amparo, publicando un audio<strong>&nbsp;absolutamente falso, manipulado y editado<\/strong>, con la intenci\u00f3n de da\u00f1ar a la oposici\u00f3n y de confrontarla con todos los sectores\u201d.<\/p>\n\n\n\n<blockquote class=\"wp-block-quote is-layout-flow wp-block-quote-is-layout-flow\"><p>\u201cA m\u00ed no me van a quebrar con sus grotescas y burdas campa\u00f1as de odio; lo he dicho y lo repito: \u00a1PRIMERO MUERTO, ANTES DE CEDER ANTE ESTA DICTADURA QUE INTENTAN INSTAURAR!\u201d<\/p><\/blockquote>\n\n\n\n<p>Y es que<strong>&nbsp;Sansores San Rom\u00e1n<\/strong>, en una nueva transmisi\u00f3n de&nbsp;<em>Martes de Jaguar<\/em>&nbsp;filtr\u00f3 un audio nuevo, mismo en el que se expone, otra vez,&nbsp;<strong>el tipo de relaci\u00f3n de Alito Moreno con los medios de comunicaci\u00f3n<\/strong>, esto porque menciona que los periodistas no aguantan el golpeteo p\u00fablico y refiere, de acuerdo al audio, que \u00e9l dobl\u00f3 a comunicadores como Joaqu\u00edn L\u00f3pez-D\u00f3riga.<\/p>\n\n\n\n<p>Acompa\u00f1ada por&nbsp;<strong>Rafael Barajas Dur\u00e1n,&nbsp;<\/strong><em><strong>El Fisg\u00f3n<\/strong><\/em>, la gobernadora conden\u00f3 las m\u00faltiples conductas reproblables de Alejandro Moreno, pues se\u00f1al\u00f3, entre otras cosas,<strong>&nbsp;que el presidente del PRI ejerce violencia pol\u00edtica de g\u00e9nero contra sus coafiliadas<\/strong>; adem\u00e1s, insisti\u00f3, en que es un ser corrupto.<\/p>\n\n\n\n<p>Sin embargo, lo que acapar\u00f3 la \u00f3ptica popular fue el audio, en el que se escucha<strong>&nbsp;al presidente del PRI decir que tiene \u201cbrothers\u201d al interior de medios de comunicaci\u00f3n<\/strong>&nbsp;y que los puede utilizar para golpetear a otros periodistas que hablen en su contra.<\/p>\n\n\n\n<blockquote class=\"wp-block-quote is-layout-flow wp-block-quote-is-layout-flow\"><p>\u201c\u00bfQui\u00e9n de Telesur me iba a querer madrear? [\u2026] (Los periodistas) no aguantan, yo no soy periodista, pero soy pol\u00edtico y s\u00e9 lo que m\u00e1s duele. Como cuando me di a un cabr\u00f3n que me pegaba: agarr\u00e9 y dije \u2018\u00bfcu\u00e1nto me va a costar esta madre? 50 mil pesos\u2019. M\u00e1ndale un cabr\u00f3n y que salude a su esposa \u2014Hola, se\u00f1ora, as\u00ed, de beso\u2014 \u2018se la est\u00e1n cogiendo\u2019\u201d<\/p><\/blockquote>\n\n\n\n<p>En la grabaci\u00f3n, Alito Moreno explic\u00f3 que de esta forma dobla a los periodistas, ya que sostuvo que ellos vienen llorando para apalabrar una tregua.&nbsp;<strong>\u201cYo soy brother de los due\u00f1os de&nbsp;<\/strong><em><strong>Proceso<\/strong><\/em><strong>, Rafael Cardona, Antonio Naval\u00f3n, Ciro G\u00f3mez Leyva, Carlos Mar\u00edn&#8230;\u201d<\/strong>, agreg\u00f3.<\/p>\n\n\n\n<p>Recalc\u00f3 la importancia de tener este tipo de amistad, pues asegur\u00f3 que en un caso hipot\u00e9tico podr\u00eda pedirle a Naval\u00f3n \u201cr\u00e1jale un vergazo\u201d a uno de sus cr\u00edticos. Asimismo, dijo que&nbsp;<strong>L\u00f3pez-D\u00f3riga s\u00f3lo aguant\u00f3 \u201cdos vergazos\u201d<\/strong>.<\/p>\n\n\n\n<p>Cabe recordar que a pocos minutos de que iniciara el programa, Alejandro Moreno dijo que ya hab\u00eda procedido legalmente para que la gobernadora no continuara con la difusi\u00f3n de este tipo de contenido, por lo que promovi\u00f3 un amparo con un juez de distrito ubicado en Nuevo Le\u00f3n; sin embargo,<strong>&nbsp;a Layda Sansores no le import\u00f3 u continu\u00f3 con la transmisi\u00f3n del programa con todo y audios<\/strong>.<\/p>\n\n\n\n<p>\u201cUna evidencia m\u00e1s. El actuario del Juzgado Federal de Campeche fue a notificar a la gobernadora Layda Sansores la suspensi\u00f3n del amparo, se niegan a recibirlo.\u00a0<strong>Ha sido notificada por diversos medios, es un hecho notorio y p\u00fablico del que no puede alegar su desconocimiento<\/strong>\u201d, escribi\u00f3 Alito Moreno en Twitter<strong>\u00a0pensando que eso detendr\u00eda a la gobernadora<\/strong>; no obstante, el\u00a0<em>Martes de Jaguar<\/em>\u00a0de esta semana se transmiti\u00f3 con el nuevo audio. Ahora habr\u00e1 que observar con qu\u00e9 proceder\u00e1 el presidente del PRI para hacer valer su posicionamiento legal ante la transmisi\u00f3n de este contenido.<\/p>\n\n\n\n<p>Fuente: <a href=\"https:\/\/www.infobae.com\/america\/mexico\/2022\/07\/20\/primero-muerto-alito-moreno-ya-le-contesto-a-layda-sansores-tras-la-filtracion-de-nuevo-audio\/\" data-type=\"URL\" data-id=\"https:\/\/www.infobae.com\/america\/mexico\/2022\/07\/20\/primero-muerto-alito-moreno-ya-le-contesto-a-layda-sansores-tras-la-filtracion-de-nuevo-audio\/\">Infobae<\/a> <\/p>\n","protected":false},"excerpt":{"rendered":"<p>Alejandro&nbsp;Alito&nbsp;Moreno, presidente nacional del&nbsp;Partido Revolucionario Institucional&nbsp;(PRI), ya le contest\u00f3 a&nbsp;Layda Sansores, gobernadora de&nbsp;Campeche, quien filtr\u00f3, nuevamente, un audio que pone en tela de juicio la calidad moral del abanderado del tricolor. A trav\u00e9s de redes sociales, Moreno C\u00e1rdenas asegur\u00f3 este martes 19 de julio que la gobernadora por&nbsp;Movimiento Regeneraci\u00f3n Nacional&nbsp;(Morena) cometi\u00f3 un delito federal \u201cal [&hellip;]<\/p>\n","protected":false},"author":35,"featured_media":57025,"comment_status":"open","ping_status":"open","sticky":false,"template":"","format":"standard","meta":{"_monsterinsights_skip_tracking":false,"_monsterinsights_sitenote_active":false,"_monsterinsights_sitenote_note":"","_monsterinsights_sitenote_category":0,"footnotes":""},"categories":[158],"tags":[6413,16779,12214,6404,6874,8003,9477],"class_list":["post-65853","post","type-post","status-publish","format-standard","has-post-thumbnail","hentry","category-politica","tag-alejandro-moreno","tag-alito-moreno","tag-audio","tag-filtracion","tag-layda-sansores","tag-nuevo","tag-responde","wp-image-borders"],"amp_enabled":true,"_links":{"self":[{"href":"https:\/\/nvnoticias.mx\/index.php\/wp-json\/wp\/v2\/posts\/65853","targetHints":{"allow":["GET"]}}],"collection":[{"href":"https:\/\/nvnoticias.mx\/index.php\/wp-json\/wp\/v2\/posts"}],"about":[{"href":"https:\/\/nvnoticias.mx\/index.php\/wp-json\/wp\/v2\/types\/post"}],"author":[{"embeddable":true,"href":"https:\/\/nvnoticias.mx\/index.php\/wp-json\/wp\/v2\/users\/35"}],"replies":[{"embeddable":true,"href":"https:\/\/nvnoticias.mx\/index.php\/wp-json\/wp\/v2\/comments?post=65853"}],"version-history":[{"count":5,"href":"https:\/\/nvnoticias.mx\/index.php\/wp-json\/wp\/v2\/posts\/65853\/revisions"}],"predecessor-version":[{"id":65858,"href":"https:\/\/nvnoticias.mx\/index.php\/wp-json\/wp\/v2\/posts\/65853\/revisions\/65858"}],"wp:featuredmedia":[{"embeddable":true,"href":"https:\/\/nvnoticias.mx\/index.php\/wp-json\/wp\/v2\/media\/57025"}],"wp:attachment":[{"href":"https:\/\/nvnoticias.mx\/index.php\/wp-json\/wp\/v2\/media?parent=65853"}],"wp:term":[{"taxonomy":"category","embeddable":true,"href":"https:\/\/nvnoticias.mx\/index.php\/wp-json\/wp\/v2\/categories?post=65853"},{"taxonomy":"post_tag","embeddable":true,"href":"https:\/\/nvnoticias.mx\/index.php\/wp-json\/wp\/v2\/tags?post=65853"}],"curies":[{"name":"wp","href":"https:\/\/api.w.org\/{rel}","templated":true}]}}