{"id":65755,"date":"2022-07-19T13:38:43","date_gmt":"2022-07-19T18:38:43","guid":{"rendered":"https:\/\/nvnoticias.mx\/?p=65755"},"modified":"2022-07-19T13:38:43","modified_gmt":"2022-07-19T18:38:43","slug":"advierten-que-esta-semana-termometro-llegaria-a-40-grados-en-varias-zonas-del-estado","status":"publish","type":"post","link":"https:\/\/nvnoticias.mx\/index.php\/2022\/07\/19\/advierten-que-esta-semana-termometro-llegaria-a-40-grados-en-varias-zonas-del-estado\/","title":{"rendered":"Advierten que esta semana term\u00f3metro llegar\u00eda a 40 grados en varias zonas del estado"},"content":{"rendered":"\n<p><strong>Sam Ojeda \/ NV Noticias<\/strong><\/p>\n\n\n\n<p>Xalapa.- Este jueves y viernes las temperaturas en la entidad veracruzana podr\u00edan superar los 40 grados Celsius.<\/p>\n\n\n\n<p>El analista del Centro de Estudios y Pron\u00f3stico Meteorol\u00f3gico de Protecci\u00f3n Civil, Emmanuel Eleazar G\u00f3mez, dijo que principalmente la zona norte del estado ser\u00e1 afectada por estas condiciones.<\/p>\n\n\n\n<p>En la planicie central que implica municipios como Medell\u00edn, Jamapa, Cotaxtla hasta Manlio Fabio Altamirano, se prev\u00e9 que haya temperaturas al mediod\u00eda de los 36 a los 40 grados.<\/p>\n\n\n\n<p>Por cuanto hace a la zona conurbada de Veracruz y Boca del R\u00edo, el term\u00f3metro alcanzar\u00eda los 34 grados a la sombra.<\/p>\n\n\n\n<p>En la zona de monta\u00f1a, que incluye Xalapa, se alcanzar\u00edan los 29 grados, y para la zona sur, hasta los 35 grados y en la costa norte de 32 a 36 grados Celsius.<\/p>\n\n\n\n<p>Por ello, dijo que debido al contenido de humedad el \u00edndice de calor se va a mantener elevado en pr\u00e1cticamente toda la entidad veracruzana.<\/p>\n","protected":false},"excerpt":{"rendered":"<p>Sam Ojeda \/ NV Noticias Xalapa.- Este jueves y viernes las temperaturas en la entidad veracruzana podr\u00edan superar los 40 grados Celsius. El analista del Centro de Estudios y Pron\u00f3stico Meteorol\u00f3gico de Protecci\u00f3n Civil, Emmanuel Eleazar G\u00f3mez, dijo que principalmente la zona norte del estado ser\u00e1 afectada por estas condiciones. En la planicie central que [&hellip;]<\/p>\n","protected":false},"author":8,"featured_media":49895,"comment_status":"open","ping_status":"open","sticky":false,"template":"","format":"standard","meta":{"_monsterinsights_skip_tracking":false,"_monsterinsights_sitenote_active":false,"_monsterinsights_sitenote_note":"","_monsterinsights_sitenote_category":0,"footnotes":""},"categories":[156],"tags":[3488,180],"class_list":["post-65755","post","type-post","status-publish","format-standard","has-post-thumbnail","hentry","category-estado","tag-altas-temperaturas","tag-veracruz","wp-image-borders"],"amp_enabled":true,"_links":{"self":[{"href":"https:\/\/nvnoticias.mx\/index.php\/wp-json\/wp\/v2\/posts\/65755","targetHints":{"allow":["GET"]}}],"collection":[{"href":"https:\/\/nvnoticias.mx\/index.php\/wp-json\/wp\/v2\/posts"}],"about":[{"href":"https:\/\/nvnoticias.mx\/index.php\/wp-json\/wp\/v2\/types\/post"}],"author":[{"embeddable":true,"href":"https:\/\/nvnoticias.mx\/index.php\/wp-json\/wp\/v2\/users\/8"}],"replies":[{"embeddable":true,"href":"https:\/\/nvnoticias.mx\/index.php\/wp-json\/wp\/v2\/comments?post=65755"}],"version-history":[{"count":1,"href":"https:\/\/nvnoticias.mx\/index.php\/wp-json\/wp\/v2\/posts\/65755\/revisions"}],"predecessor-version":[{"id":65756,"href":"https:\/\/nvnoticias.mx\/index.php\/wp-json\/wp\/v2\/posts\/65755\/revisions\/65756"}],"wp:featuredmedia":[{"embeddable":true,"href":"https:\/\/nvnoticias.mx\/index.php\/wp-json\/wp\/v2\/media\/49895"}],"wp:attachment":[{"href":"https:\/\/nvnoticias.mx\/index.php\/wp-json\/wp\/v2\/media?parent=65755"}],"wp:term":[{"taxonomy":"category","embeddable":true,"href":"https:\/\/nvnoticias.mx\/index.php\/wp-json\/wp\/v2\/categories?post=65755"},{"taxonomy":"post_tag","embeddable":true,"href":"https:\/\/nvnoticias.mx\/index.php\/wp-json\/wp\/v2\/tags?post=65755"}],"curies":[{"name":"wp","href":"https:\/\/api.w.org\/{rel}","templated":true}]}}