{"id":65740,"date":"2022-07-19T13:11:59","date_gmt":"2022-07-19T18:11:59","guid":{"rendered":"https:\/\/nvnoticias.mx\/?p=65740"},"modified":"2022-07-19T13:12:00","modified_gmt":"2022-07-19T18:12:00","slug":"inicia-elaboracion-de-tapete-de-aserrin-en-xico-con-motivo-de-festividades-religiosas","status":"publish","type":"post","link":"https:\/\/nvnoticias.mx\/index.php\/2022\/07\/19\/inicia-elaboracion-de-tapete-de-aserrin-en-xico-con-motivo-de-festividades-religiosas\/","title":{"rendered":"Inicia elaboraci\u00f3n de tapete de aserr\u00edn en Xico con motivo de festividades religiosas"},"content":{"rendered":"\n<p><strong>Sam Ojeda\u00a0\/ NV Noticias<\/strong><\/p>\n\n\n\n<p>Xalapa.- Este martes desde las 5 de la ma\u00f1ana inici\u00f3 en Xico a elaboraci\u00f3n del tradicional tapete de aserr\u00edn en honor de la Santa Mar\u00eda Magdalena.<\/p>\n\n\n\n<p>Los participantes se integraron en 10 grupos de los distintos barrios del municipio, y son conformados por ni\u00f1os, j\u00f3venes, mujeres y personas de la tercera edad.<\/p>\n\n\n\n<p>Cabe destacar que la alfombra que servir\u00e1 como tapete en el recorrido que se har\u00e1 cargando a la efigie de la Virgen, como parte de las actividades.\u00a0<\/p>\n\n\n\n<p>Hay que recordar que esta es la primera actividad que se realiza luego de dos a\u00f1os en los que no se pudo realizar el festejo.\u00a0<\/p>\n\n\n\n<p>Este a\u00f1o se cumplen 30 a\u00f1os de la elaboraci\u00f3n de esta alfombra de aserr\u00edn multicolor, que este a\u00f1o tendr\u00e1 mariposas y flores entre otros detalles.<\/p>\n\n\n\n<p>El recorrido de la imagen por el camino de colores se realizar\u00e1 alrededor de las 21:00 horas y dar\u00e1 inicio en el lugar conocido como El Calvario para culminar en Ju\u00e1rez.<\/p>\n\n\n\n<p>Al t\u00e9rmino del paseo lo xique\u00f1os celebran a su Santa con la quema de pirotecnia.<\/p>\n","protected":false},"excerpt":{"rendered":"<p>Sam Ojeda\u00a0\/ NV Noticias Xalapa.- Este martes desde las 5 de la ma\u00f1ana inici\u00f3 en Xico a elaboraci\u00f3n del tradicional tapete de aserr\u00edn en honor de la Santa Mar\u00eda Magdalena. Los participantes se integraron en 10 grupos de los distintos barrios del municipio, y son conformados por ni\u00f1os, j\u00f3venes, mujeres y personas de la tercera [&hellip;]<\/p>\n","protected":false},"author":8,"featured_media":65741,"comment_status":"open","ping_status":"open","sticky":false,"template":"","format":"standard","meta":{"_monsterinsights_skip_tracking":false,"_monsterinsights_sitenote_active":false,"_monsterinsights_sitenote_note":"","_monsterinsights_sitenote_category":0,"footnotes":""},"categories":[156],"tags":[17376,17380],"class_list":["post-65740","post","type-post","status-publish","format-standard","has-post-thumbnail","hentry","category-estado","tag-festividades","tag-tapete-de-aserrin","wp-image-borders"],"amp_enabled":true,"_links":{"self":[{"href":"https:\/\/nvnoticias.mx\/index.php\/wp-json\/wp\/v2\/posts\/65740","targetHints":{"allow":["GET"]}}],"collection":[{"href":"https:\/\/nvnoticias.mx\/index.php\/wp-json\/wp\/v2\/posts"}],"about":[{"href":"https:\/\/nvnoticias.mx\/index.php\/wp-json\/wp\/v2\/types\/post"}],"author":[{"embeddable":true,"href":"https:\/\/nvnoticias.mx\/index.php\/wp-json\/wp\/v2\/users\/8"}],"replies":[{"embeddable":true,"href":"https:\/\/nvnoticias.mx\/index.php\/wp-json\/wp\/v2\/comments?post=65740"}],"version-history":[{"count":1,"href":"https:\/\/nvnoticias.mx\/index.php\/wp-json\/wp\/v2\/posts\/65740\/revisions"}],"predecessor-version":[{"id":65742,"href":"https:\/\/nvnoticias.mx\/index.php\/wp-json\/wp\/v2\/posts\/65740\/revisions\/65742"}],"wp:featuredmedia":[{"embeddable":true,"href":"https:\/\/nvnoticias.mx\/index.php\/wp-json\/wp\/v2\/media\/65741"}],"wp:attachment":[{"href":"https:\/\/nvnoticias.mx\/index.php\/wp-json\/wp\/v2\/media?parent=65740"}],"wp:term":[{"taxonomy":"category","embeddable":true,"href":"https:\/\/nvnoticias.mx\/index.php\/wp-json\/wp\/v2\/categories?post=65740"},{"taxonomy":"post_tag","embeddable":true,"href":"https:\/\/nvnoticias.mx\/index.php\/wp-json\/wp\/v2\/tags?post=65740"}],"curies":[{"name":"wp","href":"https:\/\/api.w.org\/{rel}","templated":true}]}}