{"id":6573,"date":"2021-03-04T12:32:31","date_gmt":"2021-03-04T18:32:31","guid":{"rendered":"https:\/\/nvnoticias.mx\/?p=6573"},"modified":"2021-03-04T12:32:50","modified_gmt":"2021-03-04T18:32:50","slug":"fondo-del-futuro-pretender-destruir-areas-verdes","status":"publish","type":"post","link":"https:\/\/nvnoticias.mx\/index.php\/2021\/03\/04\/fondo-del-futuro-pretender-destruir-areas-verdes\/","title":{"rendered":"Acusan a Fondo del Futuro de pretender destruir \u00e1reas verdes"},"content":{"rendered":"\n<p><strong>Jes\u00fas Utrilla \/ NV Noticias<\/strong><\/p>\n\n\n\n<p>Veracruz.- Habitantes del Fraccionamiento Industrial se quejaron por falta de apoyo del Fondo del Futuro para contar con servicios b\u00e1sicos y buenas condiciones en la colonia.<\/p>\n\n\n\n<p>Marisol Salazar, habitante del lugar, mencion\u00f3 que la colonia fue formada con apoyo del Infonavit para que trabajadores del complejo Bruno Pagliai pudieran vivir cerca de su lugar de trabajo.<\/p>\n\n\n\n<p>Sin embargo, el Fondo del Futuro fue el que vendi\u00f3 pero no invierte.<\/p>\n\n\n\n<blockquote class=\"wp-block-quote is-layout-flow wp-block-quote-is-layout-flow\"><p>\u201cEn cuesti\u00f3n de alumbrado p\u00fablico nunca los hemos tenido, los postes solo son adorno. En limpieza hemos solicitado apoyo al Ayuntamiento de Veracruz y as\u00ed es como pasan porque el fondo no nos da. Las \u00e1reas verdes son parte vital para los habitantes pero tampoco se les da mantenimiento\u201d.<\/p><\/blockquote>\n\n\n\n<p>Acusaron que las \u00e1reas verdes podr\u00edan ser vendidas si as\u00ed lo determina el fondo del futuro, por ello buscan su protecci\u00f3n.<\/p>\n\n\n\n<blockquote class=\"wp-block-quote is-layout-flow wp-block-quote-is-layout-flow\"><p>\u201cNos han amenazado que si llegan a requerir las \u00e1reas verdes las van a usar. Nos amenazaron de que van a quitarlas para venderlas pero a nosotros nos corresponden, tenemos 40 a\u00f1os de cuidarlas\u201d.<\/p><\/blockquote>\n\n\n\n<p>Manuel Campos Cisneros record\u00f3 que la Administraci\u00f3n Portuaria Integral de Veracruz les regal\u00f3 hace varios a\u00f1os \u00e1rboles, pinos y plantas diversas y ahora el fondo buscar retirarles dichos espacios.<\/p>\n\n\n\n<p>Admitieron que hace 11 a\u00f1os ocurri\u00f3 la misma situaci\u00f3n por lo que buscan que no les quiten las \u00e1reas verdes.<\/p>\n","protected":false},"excerpt":{"rendered":"<p>Jes\u00fas Utrilla \/ NV Noticias Veracruz.- Habitantes del Fraccionamiento Industrial se quejaron por falta de apoyo del Fondo del Futuro para contar con servicios b\u00e1sicos y buenas condiciones en la colonia. Marisol Salazar, habitante del lugar, mencion\u00f3 que la colonia fue formada con apoyo del Infonavit para que trabajadores del complejo Bruno Pagliai pudieran vivir [&hellip;]<\/p>\n","protected":false},"author":6,"featured_media":6574,"comment_status":"open","ping_status":"open","sticky":false,"template":"","format":"standard","meta":{"_monsterinsights_skip_tracking":false,"_monsterinsights_sitenote_active":false,"_monsterinsights_sitenote_note":"","_monsterinsights_sitenote_category":0,"footnotes":""},"categories":[154],"tags":[1988,1989,180],"class_list":["post-6573","post","type-post","status-publish","format-standard","has-post-thumbnail","hentry","category-veracruz","tag-areas-verdes","tag-fondo-del-futuro","tag-veracruz","wp-image-borders"],"amp_enabled":true,"_links":{"self":[{"href":"https:\/\/nvnoticias.mx\/index.php\/wp-json\/wp\/v2\/posts\/6573","targetHints":{"allow":["GET"]}}],"collection":[{"href":"https:\/\/nvnoticias.mx\/index.php\/wp-json\/wp\/v2\/posts"}],"about":[{"href":"https:\/\/nvnoticias.mx\/index.php\/wp-json\/wp\/v2\/types\/post"}],"author":[{"embeddable":true,"href":"https:\/\/nvnoticias.mx\/index.php\/wp-json\/wp\/v2\/users\/6"}],"replies":[{"embeddable":true,"href":"https:\/\/nvnoticias.mx\/index.php\/wp-json\/wp\/v2\/comments?post=6573"}],"version-history":[{"count":1,"href":"https:\/\/nvnoticias.mx\/index.php\/wp-json\/wp\/v2\/posts\/6573\/revisions"}],"predecessor-version":[{"id":6575,"href":"https:\/\/nvnoticias.mx\/index.php\/wp-json\/wp\/v2\/posts\/6573\/revisions\/6575"}],"wp:featuredmedia":[{"embeddable":true,"href":"https:\/\/nvnoticias.mx\/index.php\/wp-json\/wp\/v2\/media\/6574"}],"wp:attachment":[{"href":"https:\/\/nvnoticias.mx\/index.php\/wp-json\/wp\/v2\/media?parent=6573"}],"wp:term":[{"taxonomy":"category","embeddable":true,"href":"https:\/\/nvnoticias.mx\/index.php\/wp-json\/wp\/v2\/categories?post=6573"},{"taxonomy":"post_tag","embeddable":true,"href":"https:\/\/nvnoticias.mx\/index.php\/wp-json\/wp\/v2\/tags?post=6573"}],"curies":[{"name":"wp","href":"https:\/\/api.w.org\/{rel}","templated":true}]}}