{"id":65720,"date":"2022-07-19T12:17:48","date_gmt":"2022-07-19T17:17:48","guid":{"rendered":"https:\/\/nvnoticias.mx\/?p=65720"},"modified":"2022-07-19T12:17:49","modified_gmt":"2022-07-19T17:17:49","slug":"yecuatla-anuncia-que-pese-a-covid-realizara-festividades","status":"publish","type":"post","link":"https:\/\/nvnoticias.mx\/index.php\/2022\/07\/19\/yecuatla-anuncia-que-pese-a-covid-realizara-festividades\/","title":{"rendered":"Yecuatla anuncia que pese a covid realizar\u00e1 festividades"},"content":{"rendered":"\n<p><strong>Sam Ojeda\u00a0\/ NV Noticias<\/strong><\/p>\n\n\n\n<p>Xalapa.- Tras dos a\u00f1os de pandemia por el covid-19, este a\u00f1o se retomar\u00e1 la realizaci\u00f3n de las festividades de la Virgen de la Asunci\u00f3n en el municipio de Yecuatla.\u00a0<\/p>\n\n\n\n<p>El alcalde de Yecuatla, \u00c9dgar Jim\u00e9nez P\u00e9rez, inform\u00f3 que las festividades se realizar\u00e1n del 15 al 21 de agosto y ya se preparan para recibir a los visitantes.\u00a0<\/p>\n\n\n\n<p>El edil dijo que se contar\u00e1 con eventos deportivos y religiosos; en el evento deportivo se realizar\u00e1 una cabalgata y carreras de caballos.<\/p>\n\n\n\n<p>Adem\u00e1s, se realizar\u00e1 un baile popular con la presencia de la Banda La Trakalosa de Monterrey y los Socios del Ritmo programado para el pr\u00f3ximo\u00a0 20 de agosto.<\/p>\n\n\n\n<p>Los boletos para este baile tendr\u00e1n un costo de 250 previo al evento y de 300 el d\u00eda del evento; adem\u00e1s, habr\u00e1 mesas VIP con costos desde 2 mil 500 a los 4 mil pesos. \u00a0<\/p>\n\n\n\n<p>En cuanto a la seguridad, el alcalde afirm\u00f3 hay coordinaci\u00f3n con el Gobierno del estado para la realizaci\u00f3n de estas actividades.\u00a0<\/p>\n\n\n\n<blockquote class=\"wp-block-quote is-layout-flow wp-block-quote-is-layout-flow\"><p>\u201c<em>Gobierno del estado nos apoyar\u00e1 en temas de seguridad, lo mismo que municipios cercanos para que la gente disfrute las fiestas en paz<\/em>\u201d<\/p><\/blockquote>\n","protected":false},"excerpt":{"rendered":"<p>Sam Ojeda\u00a0\/ NV Noticias Xalapa.- Tras dos a\u00f1os de pandemia por el covid-19, este a\u00f1o se retomar\u00e1 la realizaci\u00f3n de las festividades de la Virgen de la Asunci\u00f3n en el municipio de Yecuatla.\u00a0 El alcalde de Yecuatla, \u00c9dgar Jim\u00e9nez P\u00e9rez, inform\u00f3 que las festividades se realizar\u00e1n del 15 al 21 de agosto y ya se [&hellip;]<\/p>\n","protected":false},"author":8,"featured_media":65722,"comment_status":"open","ping_status":"open","sticky":false,"template":"","format":"standard","meta":{"_monsterinsights_skip_tracking":false,"_monsterinsights_sitenote_active":false,"_monsterinsights_sitenote_note":"","_monsterinsights_sitenote_category":0,"footnotes":""},"categories":[156],"tags":[175,17376,17375],"class_list":["post-65720","post","type-post","status-publish","format-standard","has-post-thumbnail","hentry","category-estado","tag-covid-19","tag-festividades","tag-yecuatla","wp-image-borders"],"amp_enabled":true,"_links":{"self":[{"href":"https:\/\/nvnoticias.mx\/index.php\/wp-json\/wp\/v2\/posts\/65720","targetHints":{"allow":["GET"]}}],"collection":[{"href":"https:\/\/nvnoticias.mx\/index.php\/wp-json\/wp\/v2\/posts"}],"about":[{"href":"https:\/\/nvnoticias.mx\/index.php\/wp-json\/wp\/v2\/types\/post"}],"author":[{"embeddable":true,"href":"https:\/\/nvnoticias.mx\/index.php\/wp-json\/wp\/v2\/users\/8"}],"replies":[{"embeddable":true,"href":"https:\/\/nvnoticias.mx\/index.php\/wp-json\/wp\/v2\/comments?post=65720"}],"version-history":[{"count":1,"href":"https:\/\/nvnoticias.mx\/index.php\/wp-json\/wp\/v2\/posts\/65720\/revisions"}],"predecessor-version":[{"id":65724,"href":"https:\/\/nvnoticias.mx\/index.php\/wp-json\/wp\/v2\/posts\/65720\/revisions\/65724"}],"wp:featuredmedia":[{"embeddable":true,"href":"https:\/\/nvnoticias.mx\/index.php\/wp-json\/wp\/v2\/media\/65722"}],"wp:attachment":[{"href":"https:\/\/nvnoticias.mx\/index.php\/wp-json\/wp\/v2\/media?parent=65720"}],"wp:term":[{"taxonomy":"category","embeddable":true,"href":"https:\/\/nvnoticias.mx\/index.php\/wp-json\/wp\/v2\/categories?post=65720"},{"taxonomy":"post_tag","embeddable":true,"href":"https:\/\/nvnoticias.mx\/index.php\/wp-json\/wp\/v2\/tags?post=65720"}],"curies":[{"name":"wp","href":"https:\/\/api.w.org\/{rel}","templated":true}]}}