{"id":65715,"date":"2022-07-19T12:14:47","date_gmt":"2022-07-19T17:14:47","guid":{"rendered":"https:\/\/nvnoticias.mx\/?p=65715"},"modified":"2022-07-19T12:17:46","modified_gmt":"2022-07-19T17:17:46","slug":"asegura-salud-que-hay-una-desaceleracion-en-la-transmision-de-covid","status":"publish","type":"post","link":"https:\/\/nvnoticias.mx\/index.php\/2022\/07\/19\/asegura-salud-que-hay-una-desaceleracion-en-la-transmision-de-covid\/","title":{"rendered":"Asegura Salud que hay una desaceleraci\u00f3n en la transmisi\u00f3n de covid"},"content":{"rendered":"\n<p>En la&nbsp;Ma\u00f1anera&nbsp;del presidente&nbsp;<strong>Andr\u00e9s Manuel L\u00f3pez Obrador<\/strong>, el titular de la Subsecretar\u00eda de Prevenci\u00f3n y Promoci\u00f3n de la Salud,&nbsp;<strong>Hugo L\u00f3pez-Gatell<\/strong>&nbsp;inform\u00f3 que hay una&nbsp;<strong>desaceleraci\u00f3n en la transmisi\u00f3n del Covid-19<\/strong>; sin embargo, explic\u00f3 que&nbsp;<strong>no se trata&nbsp;<\/strong>que los<strong>&nbsp;contagios diarios<\/strong>&nbsp;hayan&nbsp;<strong>disminuido.<\/strong><\/p>\n\n\n\n<blockquote class=\"wp-block-quote is-layout-flow wp-block-quote-is-layout-flow\"><p>\u201cOjo, todav\u00eda&nbsp;<strong>no es que disminuya los casos diarios&nbsp;<\/strong>o semanales comparados con semanas previas, todav\u00eda no es eso, eso s\u00ed vemos que el&nbsp;<strong>aumento<\/strong>&nbsp;d\u00eda con d\u00eda o semana con semana<strong>&nbsp;es menor&nbsp;<\/strong>a lo que se estaba&nbsp;<strong>presentando<\/strong>&nbsp;en las<strong>&nbsp;14 semanas anteriores<\/strong>\u201d, dijo L\u00f3pez-Gatell.<\/p><\/blockquote>\n\n\n\n<p>Indic\u00f3 que la desaceleraci\u00f3n de la transmisi\u00f3n de Covid en M\u00e9xico, se ve reflejado en los distintos indicadores de ocurrencias de&nbsp;<strong>casos nuevos de hospitalizaci\u00f3n<\/strong>&nbsp;y&nbsp;<strong>defunciones<\/strong>&nbsp;y porcentajes de&nbsp;<strong>positividad<\/strong>.<\/p>\n\n\n\n<p>L\u00f3pez-Gatell detall\u00f3 que al momento, el promedio de personas con Covid-19 que est\u00e1n&nbsp;<strong>hospitalizadas sin ventiladores<\/strong>&nbsp;es del&nbsp;<strong>18 por ciento<\/strong>, mientras que los internados en camas&nbsp;<strong>con ventilador<\/strong>&nbsp;registran el&nbsp;<strong>5 por ciento a nivel nacional.<\/strong><\/p>\n\n\n\n<p>&#8220;Datos dentro de la adversidad de la epidemia, que da cierta&nbsp;<strong>tranquilidad<\/strong>&nbsp;en el sentido que el porcentaje de<strong>&nbsp;personas intubadas<\/strong>&nbsp;en&nbsp;<strong>considerablemente<\/strong>&nbsp;<strong>menor<\/strong>&nbsp;incluso de lo que fue la cuarta ola&#8221;, se\u00f1al\u00f3 el funcionario. En ese sentido, tambi\u00e9n resalt\u00f3 el n\u00famero de&nbsp;<strong>mortandad<\/strong>&nbsp;que registra el pa\u00eds ya con las vacunas aplicadas.<\/p>\n\n\n\n<p>Inform\u00f3 que se registran<strong>&nbsp;33 defunciones al d\u00eda&nbsp;<\/strong>desde la semana 26. \u201cAfortunadamente es<strong>&nbsp;apenas perceptible<\/strong>&nbsp;la cantidad de funciones en la semana comparado con los momentos m\u00e1s intensos como en la&nbsp;<strong>segunda ola<\/strong>, con&nbsp;<strong>mil 900 defunciones por d\u00eda<\/strong>, cada una de ellas siempre lamentable\u201d.<\/p>\n\n\n\n<p>Asimismo, L\u00f3pez-Gatell inform\u00f3 que en esta semana recibir\u00e1n una carga m\u00e1s de<strong>&nbsp;un mill\u00f3n 200 mil vacunas<\/strong>&nbsp;contra el coronavirus. &#8220;Seguiremos recibiendo tantas como sea necesario&#8221;, enfatiz\u00f3 el funcionario.<\/p>\n\n\n\n<p>El subsecretario de Salud asegur\u00f3 que&nbsp;<strong>7 de cada 10 personas<\/strong>&nbsp;que han&nbsp;<strong>fallecido<\/strong>&nbsp;por complicaciones del Covid-19,&nbsp;<strong>no fueron a vacunarse<\/strong>&nbsp;en esta quinta ola de la pandemia del SARS-CoV-2<\/p>\n\n\n\n<blockquote class=\"wp-block-quote is-layout-flow wp-block-quote-is-layout-flow\"><p>\u201cEl&nbsp;<strong>70 por ciento<\/strong>, 7 de cada 10 personas que en su momento perdieron la vida por Covid en la quinta ola,&nbsp;<strong>no se hab\u00edan vacunado.<\/strong>&nbsp;Las personas con vacuna tienen una menor representaci\u00f3n entre las personas que perdieron la vida, quienes no ten\u00edan enfermedades cr\u00f3nicas y fueron vacunadas tiene la menor mortandad\u201d.<\/p><\/blockquote>\n\n\n\n<p>Mientras que las personas&nbsp;<strong>mayores de 5 a\u00f1os&nbsp;<\/strong>de edad que ya cuentan con alguna de las&nbsp;<strong>vacunas anti Covid-19,<\/strong>&nbsp;registran el&nbsp;<strong>77 por ciento de la cobertura&nbsp;<\/strong>en el pa\u00eds, lo que representa que casi&nbsp;<strong>8 personas de 10<\/strong>&nbsp;ya han recibido la inoculaci\u00f3n.<\/p>\n\n\n\n<p>Las personas<strong>&nbsp;mayores de 18 a\u00f1os<\/strong>&nbsp;registran una cobertura del&nbsp;<strong>91 por ciento<\/strong>, los de 12 a 17 a\u00f1os el&nbsp;<strong>60 por ciento<\/strong>, y los ni\u00f1os de entre 5 a 11 a\u00f1os lleva el&nbsp;<strong>20 por ciento<\/strong>.<\/p>\n\n\n\n<p>Fuente: <a href=\"https:\/\/heraldodemexico.com.mx\/nacional\/2022\/7\/19\/salud-asegura-que-hay-una-desaceleracion-en-la-transmision-de-covid-19-423127.html\" data-type=\"URL\" data-id=\"https:\/\/heraldodemexico.com.mx\/nacional\/2022\/7\/19\/salud-asegura-que-hay-una-desaceleracion-en-la-transmision-de-covid-19-423127.html\">El Heraldo de M\u00e9xico <\/a><\/p>\n","protected":false},"excerpt":{"rendered":"<p>En la&nbsp;Ma\u00f1anera&nbsp;del presidente&nbsp;Andr\u00e9s Manuel L\u00f3pez Obrador, el titular de la Subsecretar\u00eda de Prevenci\u00f3n y Promoci\u00f3n de la Salud,&nbsp;Hugo L\u00f3pez-Gatell&nbsp;inform\u00f3 que hay una&nbsp;desaceleraci\u00f3n en la transmisi\u00f3n del Covid-19; sin embargo, explic\u00f3 que&nbsp;no se trata&nbsp;que los&nbsp;contagios diarios&nbsp;hayan&nbsp;disminuido. \u201cOjo, todav\u00eda&nbsp;no es que disminuya los casos diarios&nbsp;o semanales comparados con semanas previas, todav\u00eda no es eso, eso s\u00ed vemos [&hellip;]<\/p>\n","protected":false},"author":35,"featured_media":50340,"comment_status":"open","ping_status":"open","sticky":false,"template":"","format":"standard","meta":{"_monsterinsights_skip_tracking":false,"_monsterinsights_sitenote_active":false,"_monsterinsights_sitenote_note":"","_monsterinsights_sitenote_category":0,"footnotes":""},"categories":[157],"tags":[7328,358,8609,162,193,9467],"class_list":["post-65715","post","type-post","status-publish","format-standard","has-post-thumbnail","hentry","category-nacional","tag-asegura","tag-covid","tag-desaceleracion","tag-portada","tag-salud","tag-transmision","wp-image-borders"],"amp_enabled":true,"_links":{"self":[{"href":"https:\/\/nvnoticias.mx\/index.php\/wp-json\/wp\/v2\/posts\/65715","targetHints":{"allow":["GET"]}}],"collection":[{"href":"https:\/\/nvnoticias.mx\/index.php\/wp-json\/wp\/v2\/posts"}],"about":[{"href":"https:\/\/nvnoticias.mx\/index.php\/wp-json\/wp\/v2\/types\/post"}],"author":[{"embeddable":true,"href":"https:\/\/nvnoticias.mx\/index.php\/wp-json\/wp\/v2\/users\/35"}],"replies":[{"embeddable":true,"href":"https:\/\/nvnoticias.mx\/index.php\/wp-json\/wp\/v2\/comments?post=65715"}],"version-history":[{"count":6,"href":"https:\/\/nvnoticias.mx\/index.php\/wp-json\/wp\/v2\/posts\/65715\/revisions"}],"predecessor-version":[{"id":65723,"href":"https:\/\/nvnoticias.mx\/index.php\/wp-json\/wp\/v2\/posts\/65715\/revisions\/65723"}],"wp:featuredmedia":[{"embeddable":true,"href":"https:\/\/nvnoticias.mx\/index.php\/wp-json\/wp\/v2\/media\/50340"}],"wp:attachment":[{"href":"https:\/\/nvnoticias.mx\/index.php\/wp-json\/wp\/v2\/media?parent=65715"}],"wp:term":[{"taxonomy":"category","embeddable":true,"href":"https:\/\/nvnoticias.mx\/index.php\/wp-json\/wp\/v2\/categories?post=65715"},{"taxonomy":"post_tag","embeddable":true,"href":"https:\/\/nvnoticias.mx\/index.php\/wp-json\/wp\/v2\/tags?post=65715"}],"curies":[{"name":"wp","href":"https:\/\/api.w.org\/{rel}","templated":true}]}}