{"id":65588,"date":"2022-07-18T16:34:07","date_gmt":"2022-07-18T21:34:07","guid":{"rendered":"https:\/\/nvnoticias.mx\/?p=65588"},"modified":"2022-07-18T16:34:08","modified_gmt":"2022-07-18T21:34:08","slug":"reitera-ayuntamiento-llamado-para-evitar-zonas-de-obra","status":"publish","type":"post","link":"https:\/\/nvnoticias.mx\/index.php\/2022\/07\/18\/reitera-ayuntamiento-llamado-para-evitar-zonas-de-obra\/","title":{"rendered":"Reitera Ayuntamiento llamado para evitar zonas de obra"},"content":{"rendered":"\n<p>Xalapa, Ver.- Dentro del programa de rehabilitaci\u00f3n de losas en tramos aislados que se desarrolla en la zona Centro, este martes inician labores en las calles Emilio Carranza, Venustiano Carranza y se intensifican en Magnolia, por lo que es importante reiterar el llamado a la ciudadan\u00eda para planear sus rutas y evitar congestionamientos, afirm\u00f3 el jefe del Departamento de Movilidad Urbana, Alfonso L\u00f3pez Pineda.<\/p>\n\n\n\n<p>De acuerdo con el funcionario, desde el pasado jueves se labora en la calle de Magnolia, entre Centroam\u00e9rica y Cipr\u00e9s, por lo que la ruta alterna es la calle Cipr\u00e9s, misma que conecta con \u00darsulo Galv\u00e1n y permite continuar el recorrido hacia la zona de Los Sauces.<\/p>\n\n\n\n<p>En el caso de la obra en la calle Emilio Carranza, esquina con Am\u00e9ricas, detall\u00f3 que la circulaci\u00f3n quedar\u00e1 restringida, \u00fanicamente acceso al tr\u00e1nsito local, desde la avenida 20 de Noviembre.<\/p>\n\n\n\n<p>Mientras que la rehabilitaci\u00f3n de la calle Venustiano Carranza, entre Atletas y la calle Uni\u00f3n, en la zona de El Dique, requerir\u00e1 de un desv\u00edo similar al que se realiza con motivo de las fiestas religiosas del 12 de diciembre.<\/p>\n\n\n\n<p>Explic\u00f3 que en un sentido, los veh\u00edculos deber\u00e1n dar vuelta en la calle Uni\u00f3n hasta llegar a Rodr\u00edguez Clara y M\u00e1rtires de Xalapa, para reincorporarse sobre Atletas y continuar su recorrido; mientras que en el sentido contrario, se deber\u00e1 transitar por Venustiano Carranza, las calles Reforma, Uni\u00f3n y continuar hacia la Zona Universitaria.<\/p>\n\n\n\n<p>Record\u00f3 que adem\u00e1s contin\u00faa el reencarpetado en las avenidas Miguel Alem\u00e1n, Arco Sur, Am\u00e9ricas y Xalapa, esquina con L\u00e1zaro C\u00e1rdenas, por lo que la ciudadan\u00eda debe evitar estacionarse en las zonas de obra, pues el traslado de maquinaria y materiales requiere de espacio para el mejor desempe\u00f1o de los trabajos.<\/p>\n\n\n\n<p>En caso de encontrarse unidades estacionadas, el primer paso ser\u00e1 solicitar a las personas retirar los veh\u00edculos hacia otra zona o bien, reubicarlos con apoyo de gr\u00faas y personal de la Direcci\u00f3n General de Tr\u00e1nsito y Seguridad Vial.<\/p>\n\n\n\n<div class=\"wp-block-image\"><figure class=\"aligncenter size-large is-resized\"><img loading=\"lazy\" decoding=\"async\" src=\"https:\/\/nvnoticias.mx\/wp-content\/uploads\/2022\/07\/WhatsApp-Image-2022-07-18-at-3.35.38-PM-1024x682.jpeg\" alt=\"\" class=\"wp-image-65589\" width=\"621\" height=\"413\" srcset=\"https:\/\/nvnoticias.mx\/wp-content\/uploads\/2022\/07\/WhatsApp-Image-2022-07-18-at-3.35.38-PM-1024x682.jpeg 1024w, https:\/\/nvnoticias.mx\/wp-content\/uploads\/2022\/07\/WhatsApp-Image-2022-07-18-at-3.35.38-PM-300x200.jpeg 300w, https:\/\/nvnoticias.mx\/wp-content\/uploads\/2022\/07\/WhatsApp-Image-2022-07-18-at-3.35.38-PM-768x512.jpeg 768w, https:\/\/nvnoticias.mx\/wp-content\/uploads\/2022\/07\/WhatsApp-Image-2022-07-18-at-3.35.38-PM.jpeg 1280w\" sizes=\"auto, (max-width: 621px) 100vw, 621px\" \/><\/figure><\/div>\n\n\n\n<div class=\"wp-block-image\"><figure class=\"aligncenter size-large is-resized\"><img loading=\"lazy\" decoding=\"async\" src=\"https:\/\/nvnoticias.mx\/wp-content\/uploads\/2022\/07\/WhatsApp-Image-2022-07-18-at-3.35.38-PM-1-1024x682.jpeg\" alt=\"\" class=\"wp-image-65590\" width=\"640\" height=\"426\" srcset=\"https:\/\/nvnoticias.mx\/wp-content\/uploads\/2022\/07\/WhatsApp-Image-2022-07-18-at-3.35.38-PM-1-1024x682.jpeg 1024w, https:\/\/nvnoticias.mx\/wp-content\/uploads\/2022\/07\/WhatsApp-Image-2022-07-18-at-3.35.38-PM-1-300x200.jpeg 300w, https:\/\/nvnoticias.mx\/wp-content\/uploads\/2022\/07\/WhatsApp-Image-2022-07-18-at-3.35.38-PM-1-768x512.jpeg 768w, https:\/\/nvnoticias.mx\/wp-content\/uploads\/2022\/07\/WhatsApp-Image-2022-07-18-at-3.35.38-PM-1.jpeg 1280w\" sizes=\"auto, (max-width: 640px) 100vw, 640px\" \/><\/figure><\/div>\n\n\n\n<p><\/p>\n","protected":false},"excerpt":{"rendered":"<p>Xalapa, Ver.- Dentro del programa de rehabilitaci\u00f3n de losas en tramos aislados que se desarrolla en la zona Centro, este martes inician labores en las calles Emilio Carranza, Venustiano Carranza y se intensifican en Magnolia, por lo que es importante reiterar el llamado a la ciudadan\u00eda para planear sus rutas y evitar congestionamientos, afirm\u00f3 el [&hellip;]<\/p>\n","protected":false},"author":8,"featured_media":65591,"comment_status":"open","ping_status":"open","sticky":false,"template":"","format":"standard","meta":{"_monsterinsights_skip_tracking":false,"_monsterinsights_sitenote_active":false,"_monsterinsights_sitenote_note":"","_monsterinsights_sitenote_category":0,"footnotes":""},"categories":[156],"tags":[10426,12737],"class_list":["post-65588","post","type-post","status-publish","format-standard","has-post-thumbnail","hentry","category-estado","tag-ayuntamiento-de-xalapa","tag-obras-publicas","wp-image-borders"],"amp_enabled":true,"_links":{"self":[{"href":"https:\/\/nvnoticias.mx\/index.php\/wp-json\/wp\/v2\/posts\/65588","targetHints":{"allow":["GET"]}}],"collection":[{"href":"https:\/\/nvnoticias.mx\/index.php\/wp-json\/wp\/v2\/posts"}],"about":[{"href":"https:\/\/nvnoticias.mx\/index.php\/wp-json\/wp\/v2\/types\/post"}],"author":[{"embeddable":true,"href":"https:\/\/nvnoticias.mx\/index.php\/wp-json\/wp\/v2\/users\/8"}],"replies":[{"embeddable":true,"href":"https:\/\/nvnoticias.mx\/index.php\/wp-json\/wp\/v2\/comments?post=65588"}],"version-history":[{"count":1,"href":"https:\/\/nvnoticias.mx\/index.php\/wp-json\/wp\/v2\/posts\/65588\/revisions"}],"predecessor-version":[{"id":65592,"href":"https:\/\/nvnoticias.mx\/index.php\/wp-json\/wp\/v2\/posts\/65588\/revisions\/65592"}],"wp:featuredmedia":[{"embeddable":true,"href":"https:\/\/nvnoticias.mx\/index.php\/wp-json\/wp\/v2\/media\/65591"}],"wp:attachment":[{"href":"https:\/\/nvnoticias.mx\/index.php\/wp-json\/wp\/v2\/media?parent=65588"}],"wp:term":[{"taxonomy":"category","embeddable":true,"href":"https:\/\/nvnoticias.mx\/index.php\/wp-json\/wp\/v2\/categories?post=65588"},{"taxonomy":"post_tag","embeddable":true,"href":"https:\/\/nvnoticias.mx\/index.php\/wp-json\/wp\/v2\/tags?post=65588"}],"curies":[{"name":"wp","href":"https:\/\/api.w.org\/{rel}","templated":true}]}}