{"id":65559,"date":"2022-07-18T13:40:56","date_gmt":"2022-07-18T18:40:56","guid":{"rendered":"https:\/\/nvnoticias.mx\/?p=65559"},"modified":"2022-07-18T13:40:56","modified_gmt":"2022-07-18T18:40:56","slug":"maria-del-rosario-espinoza-anuncia-que-sera-mama-y-pondra-en-pausa-su-carrera-deportiva","status":"publish","type":"post","link":"https:\/\/nvnoticias.mx\/index.php\/2022\/07\/18\/maria-del-rosario-espinoza-anuncia-que-sera-mama-y-pondra-en-pausa-su-carrera-deportiva\/","title":{"rendered":"Mar\u00eda del Rosario Espinoza anuncia que ser\u00e1 mam\u00e1 y pondr\u00e1 en pausa su carrera deportiva"},"content":{"rendered":"\n<p>Mar\u00eda del Rosario Espinoza, la triple medallistas ol\u00edmpica mexicana comparti\u00f3 este lunes mediante sus redes sociales noticias sobre su futuro cercano, la taekwondoin anunci\u00f3 con alegr\u00eda que se encuentra embarazada y pondr\u00e1 en pausa su carrera deportiva para disfrutar de la nueva etapa.<\/p>\n\n\n\n<blockquote class=\"wp-block-quote is-layout-flow wp-block-quote-is-layout-flow\"><p>&#8220;<em>Debido a esta maravillosa noticia, mi prioridad ahora ser\u00e1 cuidarme, prepararme para recibir a la beb\u00e9 que viene en camino, estar con mi familia y atender los quehaceres propios de esta nueva y maravillosa etapa de mi vida<\/em>&#8220;.<\/p><\/blockquote>\n\n\n\n<p>La deportista mexicana dej\u00f3 en claro que sin duda extra\u00f1ar\u00e1 los entrenamiento, competencias y el representante a M\u00e9xico, pero asegur\u00f3 que tras el embarazo regresar\u00e1 para hacer el proceso ol\u00edmpico y buscar un lugar en\u00a0Par\u00eds 2024.<\/p>\n\n\n\n<blockquote class=\"wp-block-quote is-layout-flow wp-block-quote-is-layout-flow\"><p>&#8220;<em>Dedicar\u00e9 amor, tiempo y espacio en esta etapa de dulce espera, por lo que har\u00e9 una pausa en mi carrera deportiva. Sin duda, extra\u00f1ar\u00e9 el entrenamiento, la competencia y vestir los colores de mi M\u00e9xico. Sin embargo, continuar\u00e9 apoyando hasta donde sea posible a la Selecci\u00f3n Mexicana de Parataekwondo en su preparaci\u00f3n para los compromisos que se tienen en el presente a\u00f1o rumbo a Paris 2024<\/em>&#8220;.<\/p><\/blockquote>\n\n\n\n<p>Por \u00faltimo la medallistas de oro en\u00a0Beijing 2008\u00a0asegur\u00f3 que compartir\u00e1 cada etapa de su embarazo en sus redes sociales, con la intenci\u00f3n de que sus fan\u00e1ticos no se pierdan cada etapa.<\/p>\n\n\n\n<blockquote class=\"wp-block-quote is-layout-flow wp-block-quote-is-layout-flow\"><p>&#8220;<em>Actualizar\u00e9 constantemente mis redes sociales para compartir este maravilloso viaje con ustedes, que me acompa\u00f1an siempre<\/em>&#8220;, finaliz\u00f3.<\/p><\/blockquote>\n\n\n\n<p>Fuente: <a href=\"https:\/\/www.eluniversal.com.mx\/universal-deportes\/maria-del-rosario-espinoza-la-mexicana-anuncio-que-sera-mama-y-pondra-en-pausa-su-carrera-deportiva\">El Universal<\/a><\/p>\n","protected":false},"excerpt":{"rendered":"<p>Mar\u00eda del Rosario Espinoza, la triple medallistas ol\u00edmpica mexicana comparti\u00f3 este lunes mediante sus redes sociales noticias sobre su futuro cercano, la taekwondoin anunci\u00f3 con alegr\u00eda que se encuentra embarazada y pondr\u00e1 en pausa su carrera deportiva para disfrutar de la nueva etapa. &#8220;Debido a esta maravillosa noticia, mi prioridad ahora ser\u00e1 cuidarme, prepararme para [&hellip;]<\/p>\n","protected":false},"author":8,"featured_media":65560,"comment_status":"open","ping_status":"open","sticky":false,"template":"","format":"standard","meta":{"_monsterinsights_skip_tracking":false,"_monsterinsights_sitenote_active":false,"_monsterinsights_sitenote_note":"","_monsterinsights_sitenote_category":0,"footnotes":""},"categories":[159],"tags":[2050,3735,13686],"class_list":["post-65559","post","type-post","status-publish","format-standard","has-post-thumbnail","hentry","category-deportes","tag-embarazo","tag-maria-del-rosario-espinoza","tag-taekwondo-2","wp-image-borders"],"amp_enabled":true,"_links":{"self":[{"href":"https:\/\/nvnoticias.mx\/index.php\/wp-json\/wp\/v2\/posts\/65559","targetHints":{"allow":["GET"]}}],"collection":[{"href":"https:\/\/nvnoticias.mx\/index.php\/wp-json\/wp\/v2\/posts"}],"about":[{"href":"https:\/\/nvnoticias.mx\/index.php\/wp-json\/wp\/v2\/types\/post"}],"author":[{"embeddable":true,"href":"https:\/\/nvnoticias.mx\/index.php\/wp-json\/wp\/v2\/users\/8"}],"replies":[{"embeddable":true,"href":"https:\/\/nvnoticias.mx\/index.php\/wp-json\/wp\/v2\/comments?post=65559"}],"version-history":[{"count":1,"href":"https:\/\/nvnoticias.mx\/index.php\/wp-json\/wp\/v2\/posts\/65559\/revisions"}],"predecessor-version":[{"id":65561,"href":"https:\/\/nvnoticias.mx\/index.php\/wp-json\/wp\/v2\/posts\/65559\/revisions\/65561"}],"wp:featuredmedia":[{"embeddable":true,"href":"https:\/\/nvnoticias.mx\/index.php\/wp-json\/wp\/v2\/media\/65560"}],"wp:attachment":[{"href":"https:\/\/nvnoticias.mx\/index.php\/wp-json\/wp\/v2\/media?parent=65559"}],"wp:term":[{"taxonomy":"category","embeddable":true,"href":"https:\/\/nvnoticias.mx\/index.php\/wp-json\/wp\/v2\/categories?post=65559"},{"taxonomy":"post_tag","embeddable":true,"href":"https:\/\/nvnoticias.mx\/index.php\/wp-json\/wp\/v2\/tags?post=65559"}],"curies":[{"name":"wp","href":"https:\/\/api.w.org\/{rel}","templated":true}]}}