{"id":6548,"date":"2021-03-04T10:44:43","date_gmt":"2021-03-04T16:44:43","guid":{"rendered":"https:\/\/nvnoticias.mx\/?p=6548"},"modified":"2021-03-04T10:44:45","modified_gmt":"2021-03-04T16:44:45","slug":"jubilados-bloquearon-carretera-veracruz-xalapa","status":"publish","type":"post","link":"https:\/\/nvnoticias.mx\/index.php\/2021\/03\/04\/jubilados-bloquearon-carretera-veracruz-xalapa\/","title":{"rendered":"Jubilados bloquearon carretera Veracruz-Xalapa"},"content":{"rendered":"\n<p><strong>Sam Ojeda \/ NV Noticias<\/strong><\/p>\n\n\n\n<p>Xalapa.- Jubilados y pensionados de Veracruz bloquearon la carretera Veracruz-Xalapa a la altura de la Secretar\u00eda de Educaci\u00f3n de Veracruz (SEV) por la determinaci\u00f3n de la Suprema Corte de Justicia de la Naci\u00f3n (SCJN) de tasar en Unidad de Medida y Actualizaci\u00f3n (UMA) el tope de sus pensiones.<\/p>\n\n\n\n<p>Los manifestantes exigieron que sus demandas sean atendidas y se revoque esta decisi\u00f3n de la Corte al considerar que se trata de una afectaci\u00f3n grave a sus intereses.<\/p>\n\n\n\n<blockquote class=\"wp-block-quote is-layout-flow wp-block-quote-is-layout-flow\"><p>\u201cEs un atropello anticonstitucional que est\u00e1 cometiendo la Suprema Corte de Justicia de la Naci\u00f3n al aplicar la UMA a las pensiones y jubilaciones, afectando el poder adquisitivo de nuestro salarios\u201d, se\u00f1alaron.\u00a0<\/p><\/blockquote>\n\n\n\n<p>Los jubilados demandaron atenci\u00f3n por parte de las autoridades para exigirles que desde Veracruz se controvierta la decisi\u00f3n de la Corte, para evitar ver afectadas sus pensiones y jubilaci\u00f3n.<\/p>\n\n\n\n<p><strong>Cerca de las 10 de la ma\u00f1ana la circulaci\u00f3n se normaliz\u00f3<\/strong> mientras que una comisi\u00f3n de seis personas ingres\u00f3 a la SEV para ser atendida por autoridades del Gobierno del estado.<\/p>\n\n\n\n<p>Como ellos, d\u00edas antes el coordinador del Movimiento Democr\u00e1tico Magisterial del estado de Veracruz, Galdino Diego P\u00e9rez, asegur\u00f3 que la decisi\u00f3n de la Corte afectar\u00e1 m\u00e1s de 200 mil trabajadores del ISSSTE en Veracruz pues reduce hasta en un 40 por ciento las pensiones.<\/p>\n\n\n\n<p>Lo anterior dado que <strong>los montos entre la UMA y el salario m\u00ednimo var\u00edan y con ello la cuantificaci\u00f3n de las pensiones se ver\u00eda afectado<\/strong>, pues mientras la UMA est\u00e1 calculada en 89.5 pesos, el salario m\u00ednimo en 141 pesos.\u00a0<\/p>\n\n\n\n<blockquote class=\"wp-block-quote is-layout-flow wp-block-quote-is-layout-flow\"><p>\u201cLa diferencia es muy importante, y hay personas que solo se jubilan con cinco salarios, si son UMAS imag\u00ednense con cu\u00e1nto se jubilar\u00e1n, nos impacta gravemente a las familias y m\u00e1s cuando ya no podemos trabajar en ninguna otra actividad\u201d.<\/p><\/blockquote>\n","protected":false},"excerpt":{"rendered":"<p>Sam Ojeda \/ NV Noticias Xalapa.- Jubilados y pensionados de Veracruz bloquearon la carretera Veracruz-Xalapa a la altura de la Secretar\u00eda de Educaci\u00f3n de Veracruz (SEV) por la determinaci\u00f3n de la Suprema Corte de Justicia de la Naci\u00f3n (SCJN) de tasar en Unidad de Medida y Actualizaci\u00f3n (UMA) el tope de sus pensiones. Los manifestantes [&hellip;]<\/p>\n","protected":false},"author":6,"featured_media":6549,"comment_status":"open","ping_status":"open","sticky":false,"template":"","format":"standard","meta":{"_monsterinsights_skip_tracking":false,"_monsterinsights_sitenote_active":false,"_monsterinsights_sitenote_note":"","_monsterinsights_sitenote_category":0,"footnotes":""},"categories":[156],"tags":[1905,1906,1970,1980],"class_list":["post-6548","post","type-post","status-publish","format-standard","has-post-thumbnail","hentry","category-estado","tag-bloqueo","tag-carretera","tag-jubilados","tag-veracruz-xalapa","wp-image-borders"],"amp_enabled":true,"_links":{"self":[{"href":"https:\/\/nvnoticias.mx\/index.php\/wp-json\/wp\/v2\/posts\/6548","targetHints":{"allow":["GET"]}}],"collection":[{"href":"https:\/\/nvnoticias.mx\/index.php\/wp-json\/wp\/v2\/posts"}],"about":[{"href":"https:\/\/nvnoticias.mx\/index.php\/wp-json\/wp\/v2\/types\/post"}],"author":[{"embeddable":true,"href":"https:\/\/nvnoticias.mx\/index.php\/wp-json\/wp\/v2\/users\/6"}],"replies":[{"embeddable":true,"href":"https:\/\/nvnoticias.mx\/index.php\/wp-json\/wp\/v2\/comments?post=6548"}],"version-history":[{"count":1,"href":"https:\/\/nvnoticias.mx\/index.php\/wp-json\/wp\/v2\/posts\/6548\/revisions"}],"predecessor-version":[{"id":6550,"href":"https:\/\/nvnoticias.mx\/index.php\/wp-json\/wp\/v2\/posts\/6548\/revisions\/6550"}],"wp:featuredmedia":[{"embeddable":true,"href":"https:\/\/nvnoticias.mx\/index.php\/wp-json\/wp\/v2\/media\/6549"}],"wp:attachment":[{"href":"https:\/\/nvnoticias.mx\/index.php\/wp-json\/wp\/v2\/media?parent=6548"}],"wp:term":[{"taxonomy":"category","embeddable":true,"href":"https:\/\/nvnoticias.mx\/index.php\/wp-json\/wp\/v2\/categories?post=6548"},{"taxonomy":"post_tag","embeddable":true,"href":"https:\/\/nvnoticias.mx\/index.php\/wp-json\/wp\/v2\/tags?post=6548"}],"curies":[{"name":"wp","href":"https:\/\/api.w.org\/{rel}","templated":true}]}}