{"id":65419,"date":"2022-07-17T09:17:42","date_gmt":"2022-07-17T14:17:42","guid":{"rendered":"https:\/\/nvnoticias.mx\/?p=65419"},"modified":"2022-07-17T09:17:43","modified_gmt":"2022-07-17T14:17:43","slug":"entrega-ss-y-sesver-ambulancia-en-manlio-fabio-altamirano","status":"publish","type":"post","link":"https:\/\/nvnoticias.mx\/index.php\/2022\/07\/17\/entrega-ss-y-sesver-ambulancia-en-manlio-fabio-altamirano\/","title":{"rendered":"Entrega Secretar\u00eda de Salud y SESVER ambulancia en Manlio Fabio Altamirano"},"content":{"rendered":"\n<p>La Secretar\u00eda de Salud y Servicios de Salud de Veracruz (SS|SESVER) a trav\u00e9s de la Direcci\u00f3n Administrativa, entreg\u00f3 una ambulancia totalmente equipada al municipio de Manlio Fabio Altamirano.<\/p>\n\n\n\n<p>El Titular de la Direcci\u00f3n Administrativa de SESVER, Lic. Jorge Sisniega Fern\u00e1ndez fue el encargado realizar la entrega a la alcaldesa Ana Lilia Arrieta Guti\u00e9rrez, quien recibi\u00f3 las llaves en las instalaciones de la Secretar\u00eda de Salud de Veracruz.<\/p>\n\n\n\n<p>Durante el proceso de revisi\u00f3n de la ambulancia y equipamiento el Director Administrativo de SESVER destac\u00f3 la importancia de dotar a los municipios de los medios necesarios para fortalecer los servicios de salud en favor de las y los veracruzanos. <\/p>\n\n\n\n<p>Por su parte, la alcaldesa Ana Lilia Arrieta agradeci\u00f3 al Gobernador del Estado Ing. Cuitl\u00e1huac Garc\u00eda Jim\u00e9nez; al Secretario de Gobierno, Ing. Eric Cisneros Burgos y al Secretario de Salud, Dr. Gerardo D\u00edaz Morales, por el apoyo al municipio de Manlio Fabio Altamirano con la entrega de la ambulancia, que llega a cubrir las necesidades de la poblaci\u00f3n en acciones de traslados y urgencias m\u00e9dicas.<\/p>\n\n\n\n<p><\/p>\n","protected":false},"excerpt":{"rendered":"<p>La Secretar\u00eda de Salud y Servicios de Salud de Veracruz (SS|SESVER) a trav\u00e9s de la Direcci\u00f3n Administrativa, entreg\u00f3 una ambulancia totalmente equipada al municipio de Manlio Fabio Altamirano. El Titular de la Direcci\u00f3n Administrativa de SESVER, Lic. Jorge Sisniega Fern\u00e1ndez fue el encargado realizar la entrega a la alcaldesa Ana Lilia Arrieta Guti\u00e9rrez, quien recibi\u00f3 [&hellip;]<\/p>\n","protected":false},"author":6,"featured_media":65420,"comment_status":"open","ping_status":"open","sticky":false,"template":"","format":"standard","meta":{"_monsterinsights_skip_tracking":false,"_monsterinsights_sitenote_active":false,"_monsterinsights_sitenote_note":"","_monsterinsights_sitenote_category":0,"footnotes":""},"categories":[156],"tags":[1351,1821,398],"class_list":["post-65419","post","type-post","status-publish","format-standard","has-post-thumbnail","hentry","category-estado","tag-ambulancia","tag-secretaria-de-salud","tag-sesver","wp-image-borders"],"amp_enabled":true,"_links":{"self":[{"href":"https:\/\/nvnoticias.mx\/index.php\/wp-json\/wp\/v2\/posts\/65419","targetHints":{"allow":["GET"]}}],"collection":[{"href":"https:\/\/nvnoticias.mx\/index.php\/wp-json\/wp\/v2\/posts"}],"about":[{"href":"https:\/\/nvnoticias.mx\/index.php\/wp-json\/wp\/v2\/types\/post"}],"author":[{"embeddable":true,"href":"https:\/\/nvnoticias.mx\/index.php\/wp-json\/wp\/v2\/users\/6"}],"replies":[{"embeddable":true,"href":"https:\/\/nvnoticias.mx\/index.php\/wp-json\/wp\/v2\/comments?post=65419"}],"version-history":[{"count":1,"href":"https:\/\/nvnoticias.mx\/index.php\/wp-json\/wp\/v2\/posts\/65419\/revisions"}],"predecessor-version":[{"id":65421,"href":"https:\/\/nvnoticias.mx\/index.php\/wp-json\/wp\/v2\/posts\/65419\/revisions\/65421"}],"wp:featuredmedia":[{"embeddable":true,"href":"https:\/\/nvnoticias.mx\/index.php\/wp-json\/wp\/v2\/media\/65420"}],"wp:attachment":[{"href":"https:\/\/nvnoticias.mx\/index.php\/wp-json\/wp\/v2\/media?parent=65419"}],"wp:term":[{"taxonomy":"category","embeddable":true,"href":"https:\/\/nvnoticias.mx\/index.php\/wp-json\/wp\/v2\/categories?post=65419"},{"taxonomy":"post_tag","embeddable":true,"href":"https:\/\/nvnoticias.mx\/index.php\/wp-json\/wp\/v2\/tags?post=65419"}],"curies":[{"name":"wp","href":"https:\/\/api.w.org\/{rel}","templated":true}]}}