{"id":65370,"date":"2022-07-16T19:10:02","date_gmt":"2022-07-17T00:10:02","guid":{"rendered":"https:\/\/nvnoticias.mx\/?p=65370"},"modified":"2022-07-16T20:44:10","modified_gmt":"2022-07-17T01:44:10","slug":"seguiran-llegando-las-inversiones-extranjeras-a-veracruz","status":"publish","type":"post","link":"https:\/\/nvnoticias.mx\/index.php\/2022\/07\/16\/seguiran-llegando-las-inversiones-extranjeras-a-veracruz\/","title":{"rendered":"Seguir\u00e1n llegando las inversiones extranjeras a Veracruz: AMLO"},"content":{"rendered":"\n<p><strong>Jes\u00fas Utrilla \/ NV Noticias<\/strong><\/p>\n\n\n\n<p>Al inaugurar la F\u00e1brica de Caf\u00e9 de Nestl\u00e9&nbsp;&nbsp;en Veracruz, el El presidente de M\u00e9xico, Andr\u00e9s Manuel L\u00f3pez Obrador,&nbsp;&nbsp;dijo que la inversi\u00f3n extranjera que est\u00e1 llegando es hist\u00f3rica. Adem\u00e1s habr\u00e1 m\u00e1s compa\u00f1\u00edas como esta en Veracruz.<\/p>\n\n\n\n<p>Record\u00f3 que ha est\u00e1 invirtiendo Constellation Brands y se encuentra en puerta m\u00e1s capital.<\/p>\n\n\n\n<p>Agreg\u00f3 que productores del Programa Sembrando Vida tendr\u00e1n la oportunidad de aportar su grano a la empresa Nestl\u00e9.<\/p>\n\n\n\n<p>Dijo que las f\u00e1bricas de Nestl\u00e9 incluyen a m\u00e1s de cien mil productores en el pa\u00eds y el Programa Sembrando Vida contempla mil 400 millones de d\u00f3lares al a\u00f1o, por lo que es el m\u00e1s importante del mundo.<\/p>\n\n\n\n<p>Se siembra m\u00e1s de un mill\u00f3n de hect\u00e1reas al a\u00f1o con 420 mil productores ejidatarios- peque\u00f1os propietarios.<\/p>\n\n\n\n<p>Muchos de ellos siembran caf\u00e9 y tendr\u00e1n la oportunidad de vender su grano y mantener un ingreso.&nbsp;<\/p>\n\n\n\n<p>A los productores les entrega 5 mil pesos mensuales de jornal y se mantendr\u00e1 el programa hasta 2024.<\/p>\n","protected":false},"excerpt":{"rendered":"<p>Jes\u00fas Utrilla \/ NV Noticias Al inaugurar la F\u00e1brica de Caf\u00e9 de Nestl\u00e9&nbsp;&nbsp;en Veracruz, el El presidente de M\u00e9xico, Andr\u00e9s Manuel L\u00f3pez Obrador,&nbsp;&nbsp;dijo que la inversi\u00f3n extranjera que est\u00e1 llegando es hist\u00f3rica. Adem\u00e1s habr\u00e1 m\u00e1s compa\u00f1\u00edas como esta en Veracruz. Record\u00f3 que ha est\u00e1 invirtiendo Constellation Brands y se encuentra en puerta m\u00e1s capital. Agreg\u00f3 [&hellip;]<\/p>\n","protected":false},"author":8,"featured_media":65371,"comment_status":"open","ping_status":"open","sticky":false,"template":"","format":"standard","meta":{"_monsterinsights_skip_tracking":false,"_monsterinsights_sitenote_active":false,"_monsterinsights_sitenote_note":"","_monsterinsights_sitenote_category":0,"footnotes":""},"categories":[154],"tags":[188,4186,162,180],"class_list":["post-65370","post","type-post","status-publish","format-standard","has-post-thumbnail","hentry","category-veracruz","tag-amlo","tag-inversiones","tag-portada","tag-veracruz","wp-image-borders"],"amp_enabled":true,"_links":{"self":[{"href":"https:\/\/nvnoticias.mx\/index.php\/wp-json\/wp\/v2\/posts\/65370","targetHints":{"allow":["GET"]}}],"collection":[{"href":"https:\/\/nvnoticias.mx\/index.php\/wp-json\/wp\/v2\/posts"}],"about":[{"href":"https:\/\/nvnoticias.mx\/index.php\/wp-json\/wp\/v2\/types\/post"}],"author":[{"embeddable":true,"href":"https:\/\/nvnoticias.mx\/index.php\/wp-json\/wp\/v2\/users\/8"}],"replies":[{"embeddable":true,"href":"https:\/\/nvnoticias.mx\/index.php\/wp-json\/wp\/v2\/comments?post=65370"}],"version-history":[{"count":3,"href":"https:\/\/nvnoticias.mx\/index.php\/wp-json\/wp\/v2\/posts\/65370\/revisions"}],"predecessor-version":[{"id":65390,"href":"https:\/\/nvnoticias.mx\/index.php\/wp-json\/wp\/v2\/posts\/65370\/revisions\/65390"}],"wp:featuredmedia":[{"embeddable":true,"href":"https:\/\/nvnoticias.mx\/index.php\/wp-json\/wp\/v2\/media\/65371"}],"wp:attachment":[{"href":"https:\/\/nvnoticias.mx\/index.php\/wp-json\/wp\/v2\/media?parent=65370"}],"wp:term":[{"taxonomy":"category","embeddable":true,"href":"https:\/\/nvnoticias.mx\/index.php\/wp-json\/wp\/v2\/categories?post=65370"},{"taxonomy":"post_tag","embeddable":true,"href":"https:\/\/nvnoticias.mx\/index.php\/wp-json\/wp\/v2\/tags?post=65370"}],"curies":[{"name":"wp","href":"https:\/\/api.w.org\/{rel}","templated":true}]}}