{"id":65322,"date":"2022-07-16T12:17:50","date_gmt":"2022-07-16T17:17:50","guid":{"rendered":"https:\/\/nvnoticias.mx\/?p=65322"},"modified":"2022-07-16T12:17:51","modified_gmt":"2022-07-16T17:17:51","slug":"acopian-cabello-para-realizar-pelucas-oncologicas","status":"publish","type":"post","link":"https:\/\/nvnoticias.mx\/index.php\/2022\/07\/16\/acopian-cabello-para-realizar-pelucas-oncologicas\/","title":{"rendered":"Acopian cabello para realizar pelucas oncol\u00f3gicas"},"content":{"rendered":"\n<p><strong>Sam Ojeda\u00a0\/ NV Noticias<\/strong><\/p>\n\n\n\n<p>Xalapa.- En el parque Ju\u00e1rez este s\u00e1bado se realiza el acopio de trenzas para la realizaci\u00f3n de pelucas oncol\u00f3gicas a fin de donarlas a ni\u00f1as y adultos con c\u00e1ncer.\u00a0<\/p>\n\n\n\n<p>La secretar\u00eda de \u201cMujeres Sembrando Esperanza\u201d, Laura Itzel Solano Contreras, inform\u00f3 que tienen la intenci\u00f3n de hacer conciencia sobre las personas que enfrentan esta enfermedad.<\/p>\n\n\n\n<blockquote class=\"wp-block-quote is-layout-flow wp-block-quote-is-layout-flow\"><p>\u201c<em>Desde antes de las 10 de la ma\u00f1ana la gente ha venido a traer sus trencitas, a venir a formarse a que se le cortara el cabello, con el fin de recolectar una gran cantidad de trenzas de cabello para la elaboraci\u00f3n de pelucas oncol\u00f3gicas y donarlas a ni\u00f1as y personas adultas con c\u00e1ncer<\/em>\u201d.<\/p><\/blockquote>\n\n\n\n<p>Indic\u00f3 que es una forma de generar solidaridad con quienes viven con c\u00e1ncer y el tratamiento tiene efectos que pueden afectar su imagen, por lo que las trenzas son una forma de apoyarlos.\u00a0<\/p>\n\n\n\n<blockquote class=\"wp-block-quote is-layout-flow wp-block-quote-is-layout-flow\"><p>\u201c<em>Lo que buscamos de una u otra forma es hacer conciencia que si bien tal vez uno no padece la enfermedad de una u otra manera puede solidarizarse con las personas que la est\u00e1n padeciendo y apoyar para que su tratamiento sea menos complicado<\/em>\u201d.<\/p><\/blockquote>\n\n\n\n<p>Lo que se solicita es que el cabello est\u00e9 \u201csano\u201d; es decir, sin te\u00f1ir pintado, sin alg\u00fan producto que pueda alterarlo y que mida alrededor de 20 cent\u00edmetros en adelante.<\/p>\n\n\n\n<p>Record\u00f3 que se necesitan de 3 a 4 trenzas para realizar una peluca, y la meta es lograr que se elaboren entre 20 y 25 pelucas para apoyar a la mayor cantidad posibles.<\/p>\n\n\n\n<blockquote class=\"wp-block-quote is-layout-flow wp-block-quote-is-layout-flow\"><p>\u201c<em>Tenemos la meta de apoyar 25 personas, 25, 30, vemos una buena respuesta y podemos llegar a la meta, todos son del Centro de Cancerolog\u00eda, nos hemos enfocado a apoyar a los ni\u00f1os con c\u00e1ncer<\/em>\u201d.\u00a0<\/p><\/blockquote>\n","protected":false},"excerpt":{"rendered":"<p>Sam Ojeda\u00a0\/ NV Noticias Xalapa.- En el parque Ju\u00e1rez este s\u00e1bado se realiza el acopio de trenzas para la realizaci\u00f3n de pelucas oncol\u00f3gicas a fin de donarlas a ni\u00f1as y adultos con c\u00e1ncer.\u00a0 La secretar\u00eda de \u201cMujeres Sembrando Esperanza\u201d, Laura Itzel Solano Contreras, inform\u00f3 que tienen la intenci\u00f3n de hacer conciencia sobre las personas que [&hellip;]<\/p>\n","protected":false},"author":8,"featured_media":65323,"comment_status":"open","ping_status":"open","sticky":false,"template":"","format":"standard","meta":{"_monsterinsights_skip_tracking":false,"_monsterinsights_sitenote_active":false,"_monsterinsights_sitenote_note":"","_monsterinsights_sitenote_category":0,"footnotes":""},"categories":[156],"tags":[8628,17294,17295],"class_list":["post-65322","post","type-post","status-publish","format-standard","has-post-thumbnail","hentry","category-estado","tag-acopio","tag-cabello","tag-pelucas-oncologicas","wp-image-borders"],"amp_enabled":true,"_links":{"self":[{"href":"https:\/\/nvnoticias.mx\/index.php\/wp-json\/wp\/v2\/posts\/65322","targetHints":{"allow":["GET"]}}],"collection":[{"href":"https:\/\/nvnoticias.mx\/index.php\/wp-json\/wp\/v2\/posts"}],"about":[{"href":"https:\/\/nvnoticias.mx\/index.php\/wp-json\/wp\/v2\/types\/post"}],"author":[{"embeddable":true,"href":"https:\/\/nvnoticias.mx\/index.php\/wp-json\/wp\/v2\/users\/8"}],"replies":[{"embeddable":true,"href":"https:\/\/nvnoticias.mx\/index.php\/wp-json\/wp\/v2\/comments?post=65322"}],"version-history":[{"count":1,"href":"https:\/\/nvnoticias.mx\/index.php\/wp-json\/wp\/v2\/posts\/65322\/revisions"}],"predecessor-version":[{"id":65324,"href":"https:\/\/nvnoticias.mx\/index.php\/wp-json\/wp\/v2\/posts\/65322\/revisions\/65324"}],"wp:featuredmedia":[{"embeddable":true,"href":"https:\/\/nvnoticias.mx\/index.php\/wp-json\/wp\/v2\/media\/65323"}],"wp:attachment":[{"href":"https:\/\/nvnoticias.mx\/index.php\/wp-json\/wp\/v2\/media?parent=65322"}],"wp:term":[{"taxonomy":"category","embeddable":true,"href":"https:\/\/nvnoticias.mx\/index.php\/wp-json\/wp\/v2\/categories?post=65322"},{"taxonomy":"post_tag","embeddable":true,"href":"https:\/\/nvnoticias.mx\/index.php\/wp-json\/wp\/v2\/tags?post=65322"}],"curies":[{"name":"wp","href":"https:\/\/api.w.org\/{rel}","templated":true}]}}