{"id":65149,"date":"2022-07-15T12:29:13","date_gmt":"2022-07-15T17:29:13","guid":{"rendered":"https:\/\/nvnoticias.mx\/?p=65149"},"modified":"2022-07-15T12:29:14","modified_gmt":"2022-07-15T17:29:14","slug":"veracruz-atraviesa-por-efectos-de-la-canicula-conagua","status":"publish","type":"post","link":"https:\/\/nvnoticias.mx\/index.php\/2022\/07\/15\/veracruz-atraviesa-por-efectos-de-la-canicula-conagua\/","title":{"rendered":"Veracruz atraviesa por efectos de la can\u00edcula: Conagua"},"content":{"rendered":"\n<p><strong>Sam Ojeda\u00a0\/ NV Noticias<\/strong><\/p>\n\n\n\n<p>Xalapa.- La jefa de Hidrometeorolog\u00eda del organismo Cuenca-Golfo de la Comisi\u00f3n Nacional del Agua (Conagua), Jessica Luna Lagunes, inform\u00f3 que el estado de Veracruz atraviesa por la can\u00edcula.\u00a0<\/p>\n\n\n\n<p>La funcionaria record\u00f3 que la can\u00edcula es\u00a0 un periodo en el que disminuyen las lluvias y aumenta la temperatura y de la humedad.<\/p>\n\n\n\n<p>Como consecuencia, dijo que se ha generado entre la poblaci\u00f3n esa sensaci\u00f3n de \u201cbochorno\u201d.\u00a0<\/p>\n\n\n\n<p>Indic\u00f3 que del 11 al 20 de junio tuvieron lluvias importantes en el estado, pero a partir del 1 fue julio hubo una gran disminuci\u00f3n de lluvias en la zona norte y centro y en el sur se ve una ligera disminuci\u00f3n.\u00a0<\/p>\n\n\n\n<blockquote class=\"wp-block-quote is-layout-flow wp-block-quote-is-layout-flow\"><p>\u201c<em>Podemos concluir que durante este a\u00f1o 2022 ya tenemos el evento de la can\u00edcula a nivel regional<\/em>\u201d.<\/p><\/blockquote>\n\n\n\n<p>Y agreg\u00f3 que la can\u00edcula no necesariamente tiene una duraci\u00f3n de 40 d\u00edas ya que puede durar una semana, 10 d\u00edas o un mes.\u00a0<\/p>\n\n\n\n<blockquote class=\"wp-block-quote is-layout-flow wp-block-quote-is-layout-flow\"><p>\u201c<em>La precipitaci\u00f3n empieza a disminuir, independientemente de que se han tenido lluvias durante los \u00faltimos d\u00edas. La can\u00edcula no quiere decir que va a dejar de llover en su totalidad, podemos tener lluvias pero se ve una disminuci\u00f3n entre julio y agosto<\/em>\u201d. \u00a0<\/p><\/blockquote>\n","protected":false},"excerpt":{"rendered":"<p>Sam Ojeda\u00a0\/ NV Noticias Xalapa.- La jefa de Hidrometeorolog\u00eda del organismo Cuenca-Golfo de la Comisi\u00f3n Nacional del Agua (Conagua), Jessica Luna Lagunes, inform\u00f3 que el estado de Veracruz atraviesa por la can\u00edcula.\u00a0 La funcionaria record\u00f3 que la can\u00edcula es\u00a0 un periodo en el que disminuyen las lluvias y aumenta la temperatura y de la humedad. [&hellip;]<\/p>\n","protected":false},"author":8,"featured_media":65150,"comment_status":"open","ping_status":"open","sticky":false,"template":"","format":"standard","meta":{"_monsterinsights_skip_tracking":false,"_monsterinsights_sitenote_active":false,"_monsterinsights_sitenote_note":"","_monsterinsights_sitenote_category":0,"footnotes":""},"categories":[156],"tags":[17250,1576,180],"class_list":["post-65149","post","type-post","status-publish","format-standard","has-post-thumbnail","hentry","category-estado","tag-canicula","tag-conagua","tag-veracruz","wp-image-borders"],"amp_enabled":true,"_links":{"self":[{"href":"https:\/\/nvnoticias.mx\/index.php\/wp-json\/wp\/v2\/posts\/65149","targetHints":{"allow":["GET"]}}],"collection":[{"href":"https:\/\/nvnoticias.mx\/index.php\/wp-json\/wp\/v2\/posts"}],"about":[{"href":"https:\/\/nvnoticias.mx\/index.php\/wp-json\/wp\/v2\/types\/post"}],"author":[{"embeddable":true,"href":"https:\/\/nvnoticias.mx\/index.php\/wp-json\/wp\/v2\/users\/8"}],"replies":[{"embeddable":true,"href":"https:\/\/nvnoticias.mx\/index.php\/wp-json\/wp\/v2\/comments?post=65149"}],"version-history":[{"count":1,"href":"https:\/\/nvnoticias.mx\/index.php\/wp-json\/wp\/v2\/posts\/65149\/revisions"}],"predecessor-version":[{"id":65151,"href":"https:\/\/nvnoticias.mx\/index.php\/wp-json\/wp\/v2\/posts\/65149\/revisions\/65151"}],"wp:featuredmedia":[{"embeddable":true,"href":"https:\/\/nvnoticias.mx\/index.php\/wp-json\/wp\/v2\/media\/65150"}],"wp:attachment":[{"href":"https:\/\/nvnoticias.mx\/index.php\/wp-json\/wp\/v2\/media?parent=65149"}],"wp:term":[{"taxonomy":"category","embeddable":true,"href":"https:\/\/nvnoticias.mx\/index.php\/wp-json\/wp\/v2\/categories?post=65149"},{"taxonomy":"post_tag","embeddable":true,"href":"https:\/\/nvnoticias.mx\/index.php\/wp-json\/wp\/v2\/tags?post=65149"}],"curies":[{"name":"wp","href":"https:\/\/api.w.org\/{rel}","templated":true}]}}