{"id":65115,"date":"2022-07-15T11:15:25","date_gmt":"2022-07-15T16:15:25","guid":{"rendered":"https:\/\/nvnoticias.mx\/?p=65115"},"modified":"2022-07-15T11:15:26","modified_gmt":"2022-07-15T16:15:26","slug":"semar-y-armada-de-mexico-celebran-los-125-anos-de-la-fundacion-de-la-escuela-naval-militar","status":"publish","type":"post","link":"https:\/\/nvnoticias.mx\/index.php\/2022\/07\/15\/semar-y-armada-de-mexico-celebran-los-125-anos-de-la-fundacion-de-la-escuela-naval-militar\/","title":{"rendered":"SEMAR y Armada de M\u00e9xico celebran los 125 a\u00f1os de la fundaci\u00f3n de la Escuela Naval Militar"},"content":{"rendered":"\n<p>La Secretar\u00eda de Marina-Armada de M\u00e9xico, a trav\u00e9s de la Primera Regi\u00f3n Naval y la Universidad Naval, en el marco de la conmemoraci\u00f3n de los 125 a\u00f1os de la Fundaci\u00f3n de la Escuela Naval Militar, hace una cordial invitaci\u00f3n al p\u00fablico en general para que asista a la tercera edici\u00f3n del a\u00f1o del programa cultural \u201cNoche de Museo\u201d, que se llevar\u00e1 a cabo el pr\u00f3ximo 30 de julio, en las instalaciones del Museo Naval M\u00e9xico; lugar que se ha forjado de historia, tradiciones y hechos gloriosos.<\/p>\n\n\n\n<p>Dicho evento tendr\u00e1 lugar en las instalaciones de citado museo, ubicadas en la calle Mariano Arista n\u00famero 418, colonia Centro de esta ciudad y puerto, a partir de las 17:00 horas.<\/p>\n\n\n\n<p>Durante esta conmemoraci\u00f3n cabe destacar que, el General Jos\u00e9 Mar\u00eda de la Vega Gonz\u00e1lez propuso la creaci\u00f3n de una Escuela Naval Militar, proyecto que fue aprobado por el Presidente Porfirio D\u00edaz, quien en un decreto de fecha 23 de abril de 1897 dispuso la creaci\u00f3n de \u00e9sta, y depender\u00eda de la Secretar\u00eda de Guerra y Marina.<\/p>\n\n\n\n<p>El proyecto se cristaliz\u00f3 con la inauguraci\u00f3n de la Escuela Naval Militar el 1\u00ba de julio de 1897, abriendo sus puertas con 47 elementos, siendo su primer Director el Capit\u00e1n de Nav\u00edo Manuel F. Izaguirre en las instalaciones del edificio hist\u00f3rico que ahora ocupa el Museo Naval M\u00e9xico, siendo uno de los planteles de mayor relevancia hist\u00f3rica y prestigio para nuestro pa\u00eds, donde se impartir\u00eda el plan de estudios que abarcaba instrucci\u00f3n cient\u00edfica, militar y pr\u00e1ctica.<\/p>\n\n\n\n<p>El t\u00e9rmino de \u2018Heroica\u2019 se agreg\u00f3 en 1914, cuando los cadetes y personal acad\u00e9mico,<br>defendieron el puerto de Veracruz de tropas estadounidenses el 21 de abril de ese mismo<br>a\u00f1o, siendo desde entonces la Heroica Escuela Naval Militar.<\/p>\n\n\n\n<p>La Secretar\u00eda de Marina-Armada de M\u00e9xico, a trav\u00e9s de la Universidad Naval, se congratula en celebrar los 125 a\u00f1os de este Plantel Educativo Naval y seguir formando j\u00f3venes l\u00edderes en la profesi\u00f3n naval y futuros comandantes de la Armada de M\u00e9xico, con educaci\u00f3n de excelencia, inculc\u00e1ndoseles los m\u00e1s altos valores de Honor, Deber, Lealtad y Patriotismo, con el \u00fanico objetivo de \u00a1Servir a M\u00e9xico!<\/p>\n\n\n\n<p>Durante este evento cultural los visitantes podr\u00e1n recorrer la \u201cSala Fundaci\u00f3n Escuela Naval\u201d, en la que podr\u00e1n observar el uniforme que port\u00f3 el Brigadier Jos\u00e9 Mar\u00eda de la Vega. Con relaci\u00f3n a lo anterior, durante la etapa del porfiriato, los uniformes para jefes y oficiales eran manufacturados en Inglaterra y Francia al igual que sus arreos, dada la calidad de sus materiales; por otra parte, se puede observar la representaci\u00f3n de una oficina de la escuela, con su armero que tanto auge tuvo en la etapa de la revoluci\u00f3n mexicana.<\/p>\n\n\n\n<div class=\"wp-block-image\"><figure class=\"aligncenter size-large is-resized\"><img loading=\"lazy\" decoding=\"async\" src=\"https:\/\/nvnoticias.mx\/wp-content\/uploads\/2022\/07\/WhatsApp-Image-2022-07-15-at-9.10.49-AM-1024x686.jpeg\" alt=\"\" class=\"wp-image-65117\" width=\"628\" height=\"421\" srcset=\"https:\/\/nvnoticias.mx\/wp-content\/uploads\/2022\/07\/WhatsApp-Image-2022-07-15-at-9.10.49-AM-1024x686.jpeg 1024w, https:\/\/nvnoticias.mx\/wp-content\/uploads\/2022\/07\/WhatsApp-Image-2022-07-15-at-9.10.49-AM-300x201.jpeg 300w, https:\/\/nvnoticias.mx\/wp-content\/uploads\/2022\/07\/WhatsApp-Image-2022-07-15-at-9.10.49-AM-768x514.jpeg 768w, https:\/\/nvnoticias.mx\/wp-content\/uploads\/2022\/07\/WhatsApp-Image-2022-07-15-at-9.10.49-AM.jpeg 1080w\" sizes=\"auto, (max-width: 628px) 100vw, 628px\" \/><\/figure><\/div>\n\n\n\n<p>Asimismo, la Secretar\u00eda de Marina-Armada de M\u00e9xico hace una atenta invitaci\u00f3n a la ciudadan\u00eda para ser parte de la historia de M\u00e9xico y conocer el museo virtual a trav\u00e9s de los<br>siguientes enlaces:<\/p>\n\n\n\n<p><a href=\"https:\/\/www.gob.mx\/semar\/acciones-y-programas\/museos-navales-de-mexico\">https:\/\/www.gob.mx\/semar\/acciones-y-programas\/museos-navales-de-mexico<\/a><br><a href=\"https:\/\/www.semar.gob.mx\/museonavalmexico\/index.htm\">https:\/\/www.semar.gob.mx\/museonavalmexico\/index.htm<\/a><\/p>\n\n\n\n<p>Para mayor informaci\u00f3n, queda a su disposici\u00f3n el n\u00famero telef\u00f3nico 299 931 40 78,<br>as\u00ed como el correo electr\u00f3nico museonavalmexico@semar.gob.mx.<\/p>\n","protected":false},"excerpt":{"rendered":"<p>La Secretar\u00eda de Marina-Armada de M\u00e9xico, a trav\u00e9s de la Primera Regi\u00f3n Naval y la Universidad Naval, en el marco de la conmemoraci\u00f3n de los 125 a\u00f1os de la Fundaci\u00f3n de la Escuela Naval Militar, hace una cordial invitaci\u00f3n al p\u00fablico en general para que asista a la tercera edici\u00f3n del a\u00f1o del programa cultural [&hellip;]<\/p>\n","protected":false},"author":8,"featured_media":65118,"comment_status":"open","ping_status":"open","sticky":false,"template":"","format":"standard","meta":{"_monsterinsights_skip_tracking":false,"_monsterinsights_sitenote_active":false,"_monsterinsights_sitenote_note":"","_monsterinsights_sitenote_category":0,"footnotes":""},"categories":[154],"tags":[5951,17244,5130,319],"class_list":["post-65115","post","type-post","status-publish","format-standard","has-post-thumbnail","hentry","category-veracruz","tag-armada-de-mexico","tag-escuela-naval-militar","tag-fundacion","tag-semar","wp-image-borders"],"amp_enabled":true,"_links":{"self":[{"href":"https:\/\/nvnoticias.mx\/index.php\/wp-json\/wp\/v2\/posts\/65115","targetHints":{"allow":["GET"]}}],"collection":[{"href":"https:\/\/nvnoticias.mx\/index.php\/wp-json\/wp\/v2\/posts"}],"about":[{"href":"https:\/\/nvnoticias.mx\/index.php\/wp-json\/wp\/v2\/types\/post"}],"author":[{"embeddable":true,"href":"https:\/\/nvnoticias.mx\/index.php\/wp-json\/wp\/v2\/users\/8"}],"replies":[{"embeddable":true,"href":"https:\/\/nvnoticias.mx\/index.php\/wp-json\/wp\/v2\/comments?post=65115"}],"version-history":[{"count":1,"href":"https:\/\/nvnoticias.mx\/index.php\/wp-json\/wp\/v2\/posts\/65115\/revisions"}],"predecessor-version":[{"id":65119,"href":"https:\/\/nvnoticias.mx\/index.php\/wp-json\/wp\/v2\/posts\/65115\/revisions\/65119"}],"wp:featuredmedia":[{"embeddable":true,"href":"https:\/\/nvnoticias.mx\/index.php\/wp-json\/wp\/v2\/media\/65118"}],"wp:attachment":[{"href":"https:\/\/nvnoticias.mx\/index.php\/wp-json\/wp\/v2\/media?parent=65115"}],"wp:term":[{"taxonomy":"category","embeddable":true,"href":"https:\/\/nvnoticias.mx\/index.php\/wp-json\/wp\/v2\/categories?post=65115"},{"taxonomy":"post_tag","embeddable":true,"href":"https:\/\/nvnoticias.mx\/index.php\/wp-json\/wp\/v2\/tags?post=65115"}],"curies":[{"name":"wp","href":"https:\/\/api.w.org\/{rel}","templated":true}]}}