{"id":65070,"date":"2022-07-14T19:51:17","date_gmt":"2022-07-15T00:51:17","guid":{"rendered":"https:\/\/nvnoticias.mx\/?p=65070"},"modified":"2022-07-14T19:51:18","modified_gmt":"2022-07-15T00:51:18","slug":"acusan-nepotismo-en-el-haev","status":"publish","type":"post","link":"https:\/\/nvnoticias.mx\/index.php\/2022\/07\/14\/acusan-nepotismo-en-el-haev\/","title":{"rendered":"Acusan nepotismo en el HAEV"},"content":{"rendered":"\n<p><strong>Jes\u00fas Utrilla \/ NV Noticias<\/strong><\/p>\n\n\n\n<p>A\u00fan cuando existen denuncias y est\u00e1 siendo investigada la Administradora del Hospital de Alta Especialidad de Veracruz (HAEV), Marcela del Grissel Ya\u00f1ez Tapia por un presunto da\u00f1o a las arcas del Hospital del Issste que asciende a m\u00e1s de 30 millones de pesos, seg\u00fan una denuncia an\u00f3nima, contin\u00faa realizando actos de corrupci\u00f3n y de imposici\u00f3n en el conocido nosocomio.<\/p>\n\n\n\n<p>Ya\u00f1ez Tapia, presuntamente est\u00e1 en complicidad con el Director del Hospital Regional de Boca del R\u00edo, Mario Alberto Amat Traconis.<\/p>\n\n\n\n<p>Presuntamente est\u00e1n colocando en puestos estrat\u00e9gicos a la mayor\u00eda de sus familiares.<\/p>\n\n\n\n<p>Los quejosos que pidieron el anonimato por temor a represalias, pidieron que se investigue.<\/p>\n\n\n\n<p>La parte que denuncia esta red delictiva asegura tener m\u00e1s nombres y espacios ocupados y aclara al Gobierno Estatal que la corrupci\u00f3n, la impunidad, el favoritismo sigue prevaleciendo ahora en estos dos nosocomios.<\/p>\n\n\n\n<p>Hicieron el llamado para que el Secretario de Salud, Gerardo D\u00edaz Morales, tome cartas en el asunto.<\/p>\n","protected":false},"excerpt":{"rendered":"<p>Jes\u00fas Utrilla \/ NV Noticias A\u00fan cuando existen denuncias y est\u00e1 siendo investigada la Administradora del Hospital de Alta Especialidad de Veracruz (HAEV), Marcela del Grissel Ya\u00f1ez Tapia por un presunto da\u00f1o a las arcas del Hospital del Issste que asciende a m\u00e1s de 30 millones de pesos, seg\u00fan una denuncia an\u00f3nima, contin\u00faa realizando actos [&hellip;]<\/p>\n","protected":false},"author":8,"featured_media":61348,"comment_status":"open","ping_status":"open","sticky":false,"template":"","format":"standard","meta":{"_monsterinsights_skip_tracking":false,"_monsterinsights_sitenote_active":false,"_monsterinsights_sitenote_note":"","_monsterinsights_sitenote_category":0,"footnotes":""},"categories":[154],"tags":[206,15893,180],"class_list":["post-65070","post","type-post","status-publish","format-standard","has-post-thumbnail","hentry","category-veracruz","tag-denuncia","tag-haev","tag-veracruz","wp-image-borders"],"amp_enabled":true,"_links":{"self":[{"href":"https:\/\/nvnoticias.mx\/index.php\/wp-json\/wp\/v2\/posts\/65070","targetHints":{"allow":["GET"]}}],"collection":[{"href":"https:\/\/nvnoticias.mx\/index.php\/wp-json\/wp\/v2\/posts"}],"about":[{"href":"https:\/\/nvnoticias.mx\/index.php\/wp-json\/wp\/v2\/types\/post"}],"author":[{"embeddable":true,"href":"https:\/\/nvnoticias.mx\/index.php\/wp-json\/wp\/v2\/users\/8"}],"replies":[{"embeddable":true,"href":"https:\/\/nvnoticias.mx\/index.php\/wp-json\/wp\/v2\/comments?post=65070"}],"version-history":[{"count":1,"href":"https:\/\/nvnoticias.mx\/index.php\/wp-json\/wp\/v2\/posts\/65070\/revisions"}],"predecessor-version":[{"id":65071,"href":"https:\/\/nvnoticias.mx\/index.php\/wp-json\/wp\/v2\/posts\/65070\/revisions\/65071"}],"wp:featuredmedia":[{"embeddable":true,"href":"https:\/\/nvnoticias.mx\/index.php\/wp-json\/wp\/v2\/media\/61348"}],"wp:attachment":[{"href":"https:\/\/nvnoticias.mx\/index.php\/wp-json\/wp\/v2\/media?parent=65070"}],"wp:term":[{"taxonomy":"category","embeddable":true,"href":"https:\/\/nvnoticias.mx\/index.php\/wp-json\/wp\/v2\/categories?post=65070"},{"taxonomy":"post_tag","embeddable":true,"href":"https:\/\/nvnoticias.mx\/index.php\/wp-json\/wp\/v2\/tags?post=65070"}],"curies":[{"name":"wp","href":"https:\/\/api.w.org\/{rel}","templated":true}]}}