{"id":65022,"date":"2022-07-14T15:06:17","date_gmt":"2022-07-14T20:06:17","guid":{"rendered":"https:\/\/nvnoticias.mx\/?p=65022"},"modified":"2022-07-14T15:06:18","modified_gmt":"2022-07-14T20:06:18","slug":"2024","status":"publish","type":"post","link":"https:\/\/nvnoticias.mx\/index.php\/2022\/07\/14\/2024\/","title":{"rendered":"2024"},"content":{"rendered":"\n<p><strong>Juan Jos\u00e9 Rodr\u00edguez Prats<\/strong><\/p>\n\n\n\n<blockquote class=\"wp-block-quote is-layout-flow wp-block-quote-is-layout-flow\"><p><em>El que los ciudadanos puedan tomar una parte activa en la vida p\u00fablica es un derecho inherente a su dignidad de persona humana<\/em>.<\/p><cite>Juan XXIII<\/cite><\/blockquote>\n\n\n\n<p>El Presidente ha cumplido su palabra. Ha hecho historia, muy triste, por cierto. En los indicadores de pol\u00edticas p\u00fablicas no hay un solo dato en el que M\u00e9xico haya avanzado. No se podr\u00e1n revertir los resultados de una gesti\u00f3n plagada de improvisaciones e irresponsabilidades en el resto de su mandato.<\/p>\n\n\n\n<p>Las elecciones de 2024 son de la mayor trascendencia. Asombran las obviedades en las que se incurre: \u201cLos partidos deben acercarse a la ciudadan\u00eda\u201d. Algo similar ser\u00eda: \u201cLos empresarios deben obtener utilidades\u201d.<\/p>\n\n\n\n<p>Hace muchas d\u00e9cadas, Efra\u00edn Gonz\u00e1lez Luna, uno de los fundadores del PAN, escribi\u00f3: \u201cNuestro mayor problema es la deserci\u00f3n del deber c\u00edvico\u201d. Parto de una convicci\u00f3n: no creo en las encuestas. Me parecen un ejercicio manipulable y oportunista. La propuesta de una elecci\u00f3n primaria abierta a toda la ciudadan\u00eda es una quimera.<\/p>\n\n\n\n<p>Los partidos han de acatar sus ordenamientos internos y postular a sus candidatos a los diferentes cargos de elecci\u00f3n popular. Buscamos maneras de evadir deberes. Cada organizaci\u00f3n tiene principios conforme a los cuales deben conducir y dise\u00f1ar mecanismos para que sus militantes manifiesten sus preferencias. Ah\u00ed est\u00e1 la primera tarea. Los electores valoran la congruencia entre el decir y el hacer, y la calidad de los personajes postulados. Cuando los partidos fallan en esas pr\u00e1cticas, provocan desmoralizaci\u00f3n y repudio a la pol\u00edtica. Una de sus consecuencias es el surgimiento de personajes mesi\u00e1nicos, supuestamente impolutos, que se ofrecen como soluciones m\u00e1gicas. \u00a1Cuidado! Es un se\u00f1uelo que ha provocado el extrav\u00edo de pueblos, ocasionando regresiones al autoritarismo y a la ingobernabilidad. Sebastian Grundberger, de la Fundaci\u00f3n Konrad Adenauer, escribe sobre tres casos frecuentes: \u201cEl caudillo lleva a la supresi\u00f3n de derechos y libertades, la calle en la hipermoralizaci\u00f3n pol\u00edtica y la justificaci\u00f3n de la violencia y el tinder (una especie de mostrador de ofertas con las nuevas tecnolog\u00edas) pol\u00edtico a la hiperfragmentaci\u00f3n y la debilidad institucional\u201d.<\/p>\n\n\n\n<p>En la fundaci\u00f3n de mi partido pol\u00edtico, Acci\u00f3n Nacional, despu\u00e9s de aprobar sus documentos b\u00e1sicos (septiembre de 1939), se discuti\u00f3 si se apoyaba a Juan Andreu Almaz\u00e1n, que ya iniciaba su campa\u00f1a a la Presidencia de la Rep\u00fablica en oposici\u00f3n al partido oficial. Manuel G\u00f3mez Morin lo hab\u00eda tratado y no lo consideraba id\u00f3neo. Sin embargo, perdi\u00f3 en el debate y la convenci\u00f3n aprob\u00f3 su candidatura. Don Manuel, en una h\u00e1bil maniobra, propuso que cada quien lo apoyara en lo individual, pero que no se le ofreciera la candidatura. A eso se debe que no se haya registrado oficialmente su postulaci\u00f3n. Seis a\u00f1os despu\u00e9s se le ofreci\u00f3 a un personaje no panista, pero gran pensador y con una s\u00f3lida autoridad moral: Luis Cabrera, quien, a pesar de considerar la invitaci\u00f3n un alto honor, declin\u00f3 por su avanzada edad.<\/p>\n\n\n\n<p>De lo dicho se desprenden dos lecciones: uno, no se trata de postular a quien sea con tal de ganar; dos, si hay alguien que no forme parte de su membres\u00eda, pero tiene m\u00e9ritos suficientes, asumir la decisi\u00f3n de ofrecerlo como opci\u00f3n a la ciudadan\u00eda. Tampoco en ese a\u00f1o el PAN particip\u00f3 en el proceso. Lo hizo en 1952 con un gran mexicano de probada honestidad y preparaci\u00f3n: Efra\u00edn Gonz\u00e1lez Luna. Gran comienzo de una instituci\u00f3n en su lucha por contender por la Presidencia de la Rep\u00fablica.<\/p>\n\n\n\n<p>Estoy convencido de que el PAN tiene personas valiosas en sus filas. Con los antecedentes relatados, debe hacer un proceso interno para elegir candidatos a todos los cargos en disputa. No rechazo las alianzas y la apertura a quienes, con merecimientos, se sumen a la lucha. Eso ya se definir\u00e1 en el futuro. Hoy lo indicado es apegarse a sus ordenamientos y hacer un gran trabajo pol\u00edtico de operaci\u00f3n interna para consolidar una plataforma de lanzamiento. El tema da para mucho, continuaremos.<\/p>\n","protected":false},"excerpt":{"rendered":"<p>Juan Jos\u00e9 Rodr\u00edguez Prats El que los ciudadanos puedan tomar una parte activa en la vida p\u00fablica es un derecho inherente a su dignidad de persona humana. Juan XXIII El Presidente ha cumplido su palabra. Ha hecho historia, muy triste, por cierto. En los indicadores de pol\u00edticas p\u00fablicas no hay un solo dato en el [&hellip;]<\/p>\n","protected":false},"author":17,"featured_media":65023,"comment_status":"open","ping_status":"open","sticky":false,"template":"","format":"standard","meta":{"_monsterinsights_skip_tracking":false,"_monsterinsights_sitenote_active":false,"_monsterinsights_sitenote_note":"","_monsterinsights_sitenote_category":0,"footnotes":""},"categories":[614],"tags":[397],"class_list":["post-65022","post","type-post","status-publish","format-standard","has-post-thumbnail","hentry","category-politica-de-principios","tag-juan-jose-rodriguez-prats-2","wp-image-borders"],"amp_enabled":true,"_links":{"self":[{"href":"https:\/\/nvnoticias.mx\/index.php\/wp-json\/wp\/v2\/posts\/65022","targetHints":{"allow":["GET"]}}],"collection":[{"href":"https:\/\/nvnoticias.mx\/index.php\/wp-json\/wp\/v2\/posts"}],"about":[{"href":"https:\/\/nvnoticias.mx\/index.php\/wp-json\/wp\/v2\/types\/post"}],"author":[{"embeddable":true,"href":"https:\/\/nvnoticias.mx\/index.php\/wp-json\/wp\/v2\/users\/17"}],"replies":[{"embeddable":true,"href":"https:\/\/nvnoticias.mx\/index.php\/wp-json\/wp\/v2\/comments?post=65022"}],"version-history":[{"count":1,"href":"https:\/\/nvnoticias.mx\/index.php\/wp-json\/wp\/v2\/posts\/65022\/revisions"}],"predecessor-version":[{"id":65024,"href":"https:\/\/nvnoticias.mx\/index.php\/wp-json\/wp\/v2\/posts\/65022\/revisions\/65024"}],"wp:featuredmedia":[{"embeddable":true,"href":"https:\/\/nvnoticias.mx\/index.php\/wp-json\/wp\/v2\/media\/65023"}],"wp:attachment":[{"href":"https:\/\/nvnoticias.mx\/index.php\/wp-json\/wp\/v2\/media?parent=65022"}],"wp:term":[{"taxonomy":"category","embeddable":true,"href":"https:\/\/nvnoticias.mx\/index.php\/wp-json\/wp\/v2\/categories?post=65022"},{"taxonomy":"post_tag","embeddable":true,"href":"https:\/\/nvnoticias.mx\/index.php\/wp-json\/wp\/v2\/tags?post=65022"}],"curies":[{"name":"wp","href":"https:\/\/api.w.org\/{rel}","templated":true}]}}