{"id":65017,"date":"2022-07-14T14:58:30","date_gmt":"2022-07-14T19:58:30","guid":{"rendered":"https:\/\/nvnoticias.mx\/?p=65017"},"modified":"2022-07-14T14:58:31","modified_gmt":"2022-07-14T19:58:31","slug":"adrian-marcelo-confiesa-que-le-gustaria-ser-alcalde-de-monterrey-lo-voy-a-hacer-bien","status":"publish","type":"post","link":"https:\/\/nvnoticias.mx\/index.php\/2022\/07\/14\/adrian-marcelo-confiesa-que-le-gustaria-ser-alcalde-de-monterrey-lo-voy-a-hacer-bien\/","title":{"rendered":"Adri\u00e1n Marcelo confiesa que le gustar\u00eda ser alcalde de Monterrey: &#8220;Lo voy a hacer bien&#8221;"},"content":{"rendered":"\n<p>En los \u00faltimos meses, Adri\u00e1n Marcelo se ha convertido en uno de las figuras m\u00e1s reconocidas en internet. El conductor de Multimedios ya era conocido en Monterrey por sus apariciones en la televisi\u00f3n pero ahora ha aumentado su fama gracias al contenido que comparten en redes sociales. <\/p>\n\n\n\n<p>Adri\u00e1n Marcelo ha incursionado en la comedia pero tambi\u00e9n acaba de realizar su primera participaci\u00f3n como actor, reflejando y dando a entender que no da la espalda a afrontar nuevos retos. Esto lo dej\u00f3 en claro en su m\u00e1s reciente participaci\u00f3n en el podcast Creativo con Roberto Mart\u00ednez. <\/p>\n\n\n\n<p>Ahora, el conductor de Multimedios dejo en claro que le gustar\u00eda obtener un cargo pol\u00edtico en Nuevo Le\u00f3n, espec\u00edficamente ser alcalde de Monterrey ya que asegura tener las bases para tomar el reto y hacerlo bien, incluso mencion\u00f3 que cuenta con el respaldo de la gente. <\/p>\n\n\n\n<blockquote class=\"wp-block-quote is-layout-flow wp-block-quote-is-layout-flow\"><p>&#8220;<em>Yo quiero ser pol\u00edtico y hacerlo bien ver*** y si eso salpica a la calidad de vida de un chingo de personas, pues mamal**. Fue resultado de tener como reto hacer una cosa bien complicada, bien chingona<\/em>&#8220;, explic\u00f3 Adri\u00e1n. <\/p><\/blockquote>\n\n\n\n<p>El ahora comediante a\u00f1adi\u00f3: &#8220;Yo quiero ser alcalde y seguir grabando radares. Aunque suene extra\u00f1o, un d\u00eda quiero escalar eso y no me quiero esconder. Necesitas ser esa cara con la que la gente diga: &#8216;No tengo luz&#8217;. Que chido jale, no s\u00e9 como se hace pero tengo nociones&#8221;.<\/p>\n\n\n\n<p>Adri\u00e1n Marcelo asegura que para realizar la labor como servidor p\u00fablico se necesitan muchas ganas y \u00e9l las tiene. &#8220;La gente necesita deseo y ganas m\u00e1s que fueras a estudiar al ITAM, se necesitan ganas y sobre todo \u00e9tica&#8221;. <\/p>\n\n\n\n<p>Fuente: <a href=\"https:\/\/www.milenio.com\/espectaculos\/famosos\/adrian-marcelo-confiesa-gustaria-alcalde-monterrey\">Milenio<\/a><\/p>\n","protected":false},"excerpt":{"rendered":"<p>En los \u00faltimos meses, Adri\u00e1n Marcelo se ha convertido en uno de las figuras m\u00e1s reconocidas en internet. El conductor de Multimedios ya era conocido en Monterrey por sus apariciones en la televisi\u00f3n pero ahora ha aumentado su fama gracias al contenido que comparten en redes sociales. Adri\u00e1n Marcelo ha incursionado en la comedia pero [&hellip;]<\/p>\n","protected":false},"author":8,"featured_media":62915,"comment_status":"open","ping_status":"open","sticky":false,"template":"","format":"standard","meta":{"_monsterinsights_skip_tracking":false,"_monsterinsights_sitenote_active":false,"_monsterinsights_sitenote_note":"","_monsterinsights_sitenote_category":0,"footnotes":""},"categories":[576],"tags":[16710,559,466],"class_list":["post-65017","post","type-post","status-publish","format-standard","has-post-thumbnail","hentry","category-ocio","tag-adrian-marcelo","tag-alcalde","tag-monterrey","wp-image-borders"],"amp_enabled":true,"_links":{"self":[{"href":"https:\/\/nvnoticias.mx\/index.php\/wp-json\/wp\/v2\/posts\/65017","targetHints":{"allow":["GET"]}}],"collection":[{"href":"https:\/\/nvnoticias.mx\/index.php\/wp-json\/wp\/v2\/posts"}],"about":[{"href":"https:\/\/nvnoticias.mx\/index.php\/wp-json\/wp\/v2\/types\/post"}],"author":[{"embeddable":true,"href":"https:\/\/nvnoticias.mx\/index.php\/wp-json\/wp\/v2\/users\/8"}],"replies":[{"embeddable":true,"href":"https:\/\/nvnoticias.mx\/index.php\/wp-json\/wp\/v2\/comments?post=65017"}],"version-history":[{"count":1,"href":"https:\/\/nvnoticias.mx\/index.php\/wp-json\/wp\/v2\/posts\/65017\/revisions"}],"predecessor-version":[{"id":65021,"href":"https:\/\/nvnoticias.mx\/index.php\/wp-json\/wp\/v2\/posts\/65017\/revisions\/65021"}],"wp:featuredmedia":[{"embeddable":true,"href":"https:\/\/nvnoticias.mx\/index.php\/wp-json\/wp\/v2\/media\/62915"}],"wp:attachment":[{"href":"https:\/\/nvnoticias.mx\/index.php\/wp-json\/wp\/v2\/media?parent=65017"}],"wp:term":[{"taxonomy":"category","embeddable":true,"href":"https:\/\/nvnoticias.mx\/index.php\/wp-json\/wp\/v2\/categories?post=65017"},{"taxonomy":"post_tag","embeddable":true,"href":"https:\/\/nvnoticias.mx\/index.php\/wp-json\/wp\/v2\/tags?post=65017"}],"curies":[{"name":"wp","href":"https:\/\/api.w.org\/{rel}","templated":true}]}}