{"id":64941,"date":"2022-07-14T11:15:20","date_gmt":"2022-07-14T16:15:20","guid":{"rendered":"https:\/\/nvnoticias.mx\/?p=64941"},"modified":"2022-07-14T11:15:21","modified_gmt":"2022-07-14T16:15:21","slug":"da-resumen-amlo-de-su-visita-a-eu","status":"publish","type":"post","link":"https:\/\/nvnoticias.mx\/index.php\/2022\/07\/14\/da-resumen-amlo-de-su-visita-a-eu\/","title":{"rendered":"Da resumen AMLO de su visita a EU"},"content":{"rendered":"\n<p>El presidente&nbsp;<strong>Andr\u00e9s Manuel L\u00f3pez Obrador<\/strong>&nbsp;revel\u00f3 que le propuso a su hom\u00f3logo estadounidense<strong>&nbsp;Joe Biden<\/strong>&nbsp;quitar&nbsp;<strong>aranceles<\/strong>, ampliar las&nbsp;<strong>visas temporales de trabajo&nbsp;<\/strong>y&nbsp;<strong>aumentar<\/strong>&nbsp;la&nbsp;<strong>producci\u00f3n<\/strong>&nbsp;con el objetivo de generar empleos y contener la migraci\u00f3n.<\/p>\n\n\n\n<p>&#8220;El planteamiento fue de fondo fue el impulsar las actividades productivas el de unirnos para lograr la producci\u00f3n en Estados Unidos, en M\u00e9xico, y a\u00fan cuando ya existe el<strong>&nbsp;Tratado de Am\u00e9rica del Norte&nbsp;<\/strong>procurar unirnos m\u00e1s, quitar aranceles que puedan existir, toda la regulaci\u00f3n en el comercio, simplificar tr\u00e1mites, quitar todos los tr\u00e1mites de tediosos y unirnos m\u00e1s, para producir y<strong>&nbsp;enfrentar el fen\u00f3meno migratorio<\/strong>&#8220;, explic\u00f3.<\/p>\n\n\n\n<p>En la\u00a0conferencia matutina\u00a0de Palacio Nacional, el mandatario federal se\u00f1al\u00f3 que hay un\u00a0<strong>compromiso de Estados\u00a0Unidos<\/strong>\u00a0de aumentar el n\u00famero de visas temporales de trabajo.<\/p>\n\n\n\n<blockquote class=\"wp-block-quote is-layout-flow wp-block-quote-is-layout-flow\"><p>&#8220;Hablamos de la necesidad de ampliar el n\u00famero de visa de trabajo temporal para M\u00e9xico, para Centroam\u00e9rica. Esto se acept\u00f3, se va a aumentar considerablemente el n\u00famero de viajes de trabajo para ingresar a Estados Unidos&#8221;, afirm\u00f3.<\/p><\/blockquote>\n\n\n\n<p>L\u00f3pez Obrador dijo que se le insisti\u00f3 al presidente Joe Biden invertir en los programas Sembrando Vida y J\u00f3venes Construyendo el Futuro que M\u00e9xico impulsa en el Tri\u00e1ngulo Norte de Centroam\u00e9rica.<\/p>\n\n\n\n<p>Calific\u00f3 como &#8220;un buen encuentro&#8221; la reuni\u00f3n con Joe Biden, &#8220;fue una muy buena visita, un buen encuentro, ben\u00e9fico para los pueblos de los dos pa\u00edses&#8221;, se\u00f1al\u00f3.<\/p>\n\n\n\n<p>Fuente: <a href=\"https:\/\/heraldodemexico.com.mx\/nacional\/2022\/7\/14\/fue-un-buen-encuentro-amlo-da-cuenta-de-su-visita-eu-donde-propuso-quitar-aranceles-aumentar-visas-de-trabajo-421870.html\" data-type=\"URL\" data-id=\"https:\/\/heraldodemexico.com.mx\/nacional\/2022\/7\/14\/fue-un-buen-encuentro-amlo-da-cuenta-de-su-visita-eu-donde-propuso-quitar-aranceles-aumentar-visas-de-trabajo-421870.html\">El Heraldo de M\u00e9xico <\/a><\/p>\n","protected":false},"excerpt":{"rendered":"<p>El presidente&nbsp;Andr\u00e9s Manuel L\u00f3pez Obrador&nbsp;revel\u00f3 que le propuso a su hom\u00f3logo estadounidense&nbsp;Joe Biden&nbsp;quitar&nbsp;aranceles, ampliar las&nbsp;visas temporales de trabajo&nbsp;y&nbsp;aumentar&nbsp;la&nbsp;producci\u00f3n&nbsp;con el objetivo de generar empleos y contener la migraci\u00f3n. &#8220;El planteamiento fue de fondo fue el impulsar las actividades productivas el de unirnos para lograr la producci\u00f3n en Estados Unidos, en M\u00e9xico, y a\u00fan cuando ya existe [&hellip;]<\/p>\n","protected":false},"author":35,"featured_media":64566,"comment_status":"open","ping_status":"open","sticky":false,"template":"","format":"standard","meta":{"_monsterinsights_skip_tracking":false,"_monsterinsights_sitenote_active":false,"_monsterinsights_sitenote_note":"","_monsterinsights_sitenote_category":0,"footnotes":""},"categories":[158],"tags":[17203,183,8868],"class_list":["post-64941","post","type-post","status-publish","format-standard","has-post-thumbnail","hentry","category-politica","tag-da-resumen","tag-estados-unidos","tag-visita","wp-image-borders"],"amp_enabled":true,"_links":{"self":[{"href":"https:\/\/nvnoticias.mx\/index.php\/wp-json\/wp\/v2\/posts\/64941","targetHints":{"allow":["GET"]}}],"collection":[{"href":"https:\/\/nvnoticias.mx\/index.php\/wp-json\/wp\/v2\/posts"}],"about":[{"href":"https:\/\/nvnoticias.mx\/index.php\/wp-json\/wp\/v2\/types\/post"}],"author":[{"embeddable":true,"href":"https:\/\/nvnoticias.mx\/index.php\/wp-json\/wp\/v2\/users\/35"}],"replies":[{"embeddable":true,"href":"https:\/\/nvnoticias.mx\/index.php\/wp-json\/wp\/v2\/comments?post=64941"}],"version-history":[{"count":3,"href":"https:\/\/nvnoticias.mx\/index.php\/wp-json\/wp\/v2\/posts\/64941\/revisions"}],"predecessor-version":[{"id":64944,"href":"https:\/\/nvnoticias.mx\/index.php\/wp-json\/wp\/v2\/posts\/64941\/revisions\/64944"}],"wp:featuredmedia":[{"embeddable":true,"href":"https:\/\/nvnoticias.mx\/index.php\/wp-json\/wp\/v2\/media\/64566"}],"wp:attachment":[{"href":"https:\/\/nvnoticias.mx\/index.php\/wp-json\/wp\/v2\/media?parent=64941"}],"wp:term":[{"taxonomy":"category","embeddable":true,"href":"https:\/\/nvnoticias.mx\/index.php\/wp-json\/wp\/v2\/categories?post=64941"},{"taxonomy":"post_tag","embeddable":true,"href":"https:\/\/nvnoticias.mx\/index.php\/wp-json\/wp\/v2\/tags?post=64941"}],"curies":[{"name":"wp","href":"https:\/\/api.w.org\/{rel}","templated":true}]}}