{"id":64751,"date":"2022-07-13T12:13:19","date_gmt":"2022-07-13T17:13:19","guid":{"rendered":"https:\/\/nvnoticias.mx\/?p=64751"},"modified":"2022-07-13T12:13:20","modified_gmt":"2022-07-13T17:13:20","slug":"yo-no-pedi-investigacion-contra-mier-que-santiago-nieto-lo-diga-barbosa","status":"publish","type":"post","link":"https:\/\/nvnoticias.mx\/index.php\/2022\/07\/13\/yo-no-pedi-investigacion-contra-mier-que-santiago-nieto-lo-diga-barbosa\/","title":{"rendered":"Yo no ped\u00ed investigaci\u00f3n contra Mier, que Santiago Nieto lo diga: Barbosa"},"content":{"rendered":"\n<p>El gobernador de Puebla, Miguel Barbosa Huerta, se\u00f1al\u00f3 que no ha solicitado ninguna investigaci\u00f3n en contra del diputado federal Ignacio Mier Velazco y solicit\u00f3 que as\u00ed lo aclare el ex titular de la Unidad de Inteligencia Financiera (UIF), Santiago Nieto Castillo, al exponer que fue el ex funcionario federal quien ventil\u00f3 en una reuni\u00f3n en Palacio Nacional que el l\u00edder de Morena en la C\u00e1mara de Diputados se encontraba &#8216;bajo la lupa&#8217;. <\/p>\n\n\n\n<p>Luego de que Nieto Castillo se\u00f1alara que el legislador federal no era investigado por la probable comisi\u00f3n de delitos fiscales, el mandatario coment\u00f3 que a\u00fan quedan &#8220;m\u00faltiples casos en los cuales se ha se\u00f1alado el involucramiento del diputado Ignacio Mier&#8221;, por lo que lo volvi\u00f3 a exhortar a &#8220;que aclare su posici\u00f3n, su responsabilidad en cada uno de los casos&#8221;. <\/p>\n\n\n\n<blockquote class=\"wp-block-quote is-layout-flow wp-block-quote-is-layout-flow\"><p>&#8220;Santiago Nieto puede decir por qu\u00e9 inici\u00f3 la investigaci\u00f3n, a petici\u00f3n de qui\u00e9n, la persona que pidi\u00f3 la investigaci\u00f3n ya Santiago Nieto puede decir qui\u00e9n fue, yo le pido a Santiago Nieto que diga qui\u00e9n le pidi\u00f3 iniciar la investigaci\u00f3n, gobierno no fue, yo no fu\u00ed, yo me enter\u00e9 en una reuni\u00f3n de judializaci\u00f3n nacional, esas que se llevan a cabo en Palacio Nacional donde se cita a todo un estado y se revisan las situaciones de seguridad p\u00fablica y ah\u00ed Santiago Nieto present\u00f3 esa investigaci\u00f3n, Sedena, Seguridad P\u00fablica federal, Marina, Fiscal\u00eda, Consejer\u00eda Jur\u00eddica, Gobernaci\u00f3n, todo, ah\u00ed yo me enter\u00e9&#8221;. <\/p><\/blockquote>\n\n\n\n<p>Barbosa defendi\u00f3 el actuar de la Fiscal\u00eda General del Estado (FGE) al afirmar que el organismo no filtr\u00f3 ning\u00fan detalles de las indagatorias que involucraban a Mier Velazco y, en su caso, lo anterior pudo ocurrir desde la UIF. <\/p>\n\n\n\n<blockquote class=\"wp-block-quote is-layout-flow wp-block-quote-is-layout-flow\"><p>&#8220;Las filtraciones se dan desde la autoridad que maneja la investigaci\u00f3n [&#8230;] yo estoy convencido y cierto del profesionalismo de la Fiscal\u00eda General del Estado sobre cada uno de los asuntos que maneja e investiga, ac\u00e1 no se filtra nada, en la UIF no s\u00e9 si filtr\u00f3&#8221;.<\/p><\/blockquote>\n\n\n\n<p> Barbosa consider\u00f3 que Mier est\u00e1 aprovechando la situaci\u00f3n para crear &#8220;una cortina de humo&#8221; que le permita no aclarar sus supuestos v\u00ednculos en la comisi\u00f3n de delitos y asegur\u00f3 que el diputado morenista &#8220;nunca ha tenido buen prestigio&#8221;, ya que siempre &#8220;ha jugado un papel perverso&#8221; en la pol\u00edtica al ser &#8220;asesor del o\u00eddo&#8221;. <\/p>\n\n\n\n<blockquote class=\"wp-block-quote is-layout-flow wp-block-quote-is-layout-flow\"><p>&#8220;Dice el se\u00f1or Mier que esa denuncia es producto de una grilla, un rencor, un estilo m\u00edo que yo manejo y que su gran prestigio, nunca ha tenido buen prestigio el se\u00f1or Mier [&#8230;] Yo soy bueno para las entrevistas y el d\u00eda que me colme le voy a entrar directo, pero soy tambi\u00e9n contenido&#8221;. <\/p><\/blockquote>\n\n\n\n<p>Tal y como lo hizo el martes pasado, el gobernador de Puebla sostuvo que &#8220;la pol\u00edtica no domina la aplicaci\u00f3n de la ley&#8221; y descart\u00f3 que su gobierno vaya a brindar protecci\u00f3n a pol\u00edticos que pudieran estar involucrados en la posible comisi\u00f3n de delitos, ya que priorizar\u00e1 el estado de derecho. <\/p>\n\n\n\n<p>Fuente: <a href=\"https:\/\/www.milenio.com\/politica\/comunidad\/barbosa-asegura-pidio-investigacion-ignacio-mier\" data-type=\"URL\" data-id=\"https:\/\/www.milenio.com\/politica\/comunidad\/barbosa-asegura-pidio-investigacion-ignacio-mier\">Milenio<\/a><\/p>\n","protected":false},"excerpt":{"rendered":"<p>El gobernador de Puebla, Miguel Barbosa Huerta, se\u00f1al\u00f3 que no ha solicitado ninguna investigaci\u00f3n en contra del diputado federal Ignacio Mier Velazco y solicit\u00f3 que as\u00ed lo aclare el ex titular de la Unidad de Inteligencia Financiera (UIF), Santiago Nieto Castillo, al exponer que fue el ex funcionario federal quien ventil\u00f3 en una reuni\u00f3n en [&hellip;]<\/p>\n","protected":false},"author":35,"featured_media":29465,"comment_status":"open","ping_status":"open","sticky":false,"template":"","format":"standard","meta":{"_monsterinsights_skip_tracking":false,"_monsterinsights_sitenote_active":false,"_monsterinsights_sitenote_note":"","_monsterinsights_sitenote_category":0,"footnotes":""},"categories":[158],"tags":[5068,849,2117],"class_list":["post-64751","post","type-post","status-publish","format-standard","has-post-thumbnail","hentry","category-politica","tag-ignacio-mier","tag-miguel-barbosa","tag-santiago-nieto","wp-image-borders"],"amp_enabled":true,"_links":{"self":[{"href":"https:\/\/nvnoticias.mx\/index.php\/wp-json\/wp\/v2\/posts\/64751","targetHints":{"allow":["GET"]}}],"collection":[{"href":"https:\/\/nvnoticias.mx\/index.php\/wp-json\/wp\/v2\/posts"}],"about":[{"href":"https:\/\/nvnoticias.mx\/index.php\/wp-json\/wp\/v2\/types\/post"}],"author":[{"embeddable":true,"href":"https:\/\/nvnoticias.mx\/index.php\/wp-json\/wp\/v2\/users\/35"}],"replies":[{"embeddable":true,"href":"https:\/\/nvnoticias.mx\/index.php\/wp-json\/wp\/v2\/comments?post=64751"}],"version-history":[{"count":1,"href":"https:\/\/nvnoticias.mx\/index.php\/wp-json\/wp\/v2\/posts\/64751\/revisions"}],"predecessor-version":[{"id":64752,"href":"https:\/\/nvnoticias.mx\/index.php\/wp-json\/wp\/v2\/posts\/64751\/revisions\/64752"}],"wp:featuredmedia":[{"embeddable":true,"href":"https:\/\/nvnoticias.mx\/index.php\/wp-json\/wp\/v2\/media\/29465"}],"wp:attachment":[{"href":"https:\/\/nvnoticias.mx\/index.php\/wp-json\/wp\/v2\/media?parent=64751"}],"wp:term":[{"taxonomy":"category","embeddable":true,"href":"https:\/\/nvnoticias.mx\/index.php\/wp-json\/wp\/v2\/categories?post=64751"},{"taxonomy":"post_tag","embeddable":true,"href":"https:\/\/nvnoticias.mx\/index.php\/wp-json\/wp\/v2\/tags?post=64751"}],"curies":[{"name":"wp","href":"https:\/\/api.w.org\/{rel}","templated":true}]}}