{"id":64641,"date":"2022-07-12T15:41:02","date_gmt":"2022-07-12T20:41:02","guid":{"rendered":"https:\/\/nvnoticias.mx\/?p=64641"},"modified":"2022-07-12T15:41:03","modified_gmt":"2022-07-12T20:41:03","slug":"registran-balacera-en-la-carretera-mexico-cuernavaca","status":"publish","type":"post","link":"https:\/\/nvnoticias.mx\/index.php\/2022\/07\/12\/registran-balacera-en-la-carretera-mexico-cuernavaca\/","title":{"rendered":"Registran balacera en la carretera M\u00e9xico-Cuernavaca"},"content":{"rendered":"\n<p>Agentes de inteligencia se enfrentaron con sujetos en medio de la\u00a0carretera M\u00e9xico-Cuernavaca; primeras versiones se\u00f1alan lesionados por armas largas.<\/p>\n\n\n\n<p>V\u00eda frecuencia se solicitaron apoyos y el arribo de 2 c\u00f3ndores de la SSC y 6 ambulancias de ERUM sobre el kil\u00f3metro 28,\u00a0San Andr\u00e9s Topilejo, Tlalpan.<\/p>\n\n\n\n<p>Personal de Base Drag\u00f3n solicit\u00f3 los refuerzos en el lugar, luego que se reportan disparos con\u00a0armas largas\u00a0a su personal.<\/p>\n\n\n\n<p>Por este hecho, el secretario de Seguridad Ciudadana,\u00a0Omar Garc\u00eda Harfuch, inform\u00f3 que ya hay detenidos, adem\u00e1s de dos agentes heridos.\u00a0<\/p>\n\n\n\n<p>Tambi\u00e9n dijo que aseguraron armas largas y droga. Tenemos todav\u00eda compa\u00f1eros trabajando en el lugar, en un momento m\u00e1s informaremos.<\/p>\n\n\n\n<figure class=\"wp-block-embed aligncenter is-type-rich is-provider-twitter wp-block-embed-twitter\"><div class=\"wp-block-embed__wrapper\">\n<blockquote class=\"twitter-tweet\" data-width=\"550\" data-dnt=\"true\"><p lang=\"es\" dir=\"ltr\">Hace unos minutos hubo un enfrentamiento entre personal de <a href=\"https:\/\/twitter.com\/SSC_CDMX?ref_src=twsrc%5Etfw\">@SSC_CDMX<\/a> y delincuentes en Topilejo, tenemos detenidos y dos compa\u00f1eros heridos. Hay aseguradas armas largas y droga.Tenemos todav\u00eda compa\u00f1eros trabajando en el lugar, en un momento m\u00e1s informaremos.<\/p>&mdash; Omar Garcia Harfuch (@OHarfuch) <a href=\"https:\/\/twitter.com\/OHarfuch\/status\/1546948548150890496?ref_src=twsrc%5Etfw\">July 12, 2022<\/a><\/blockquote><script async src=\"https:\/\/platform.twitter.com\/widgets.js\" charset=\"utf-8\"><\/script>\n<\/div><\/figure>\n\n\n\n<figure class=\"wp-block-embed aligncenter is-type-rich is-provider-twitter wp-block-embed-twitter\"><div class=\"wp-block-embed__wrapper\">\n<blockquote class=\"twitter-tweet\" data-width=\"550\" data-dnt=\"true\"><p lang=\"es\" dir=\"ltr\">Balacera en Topilejo. En el km 28 <a href=\"https:\/\/t.co\/OpunM330Yq\">pic.twitter.com\/OpunM330Yq<\/a><\/p>&mdash; Torre De Vigilancia Topilejo (@DeTopilejo) <a href=\"https:\/\/twitter.com\/DeTopilejo\/status\/1546945522065367040?ref_src=twsrc%5Etfw\">July 12, 2022<\/a><\/blockquote><script async src=\"https:\/\/platform.twitter.com\/widgets.js\" charset=\"utf-8\"><\/script>\n<\/div><\/figure>\n\n\n\n<p>Fuente: <a href=\"https:\/\/www.eluniversal.com.mx\/metropoli\/registran-balacera-entre-policias-y-sujetos-armados-en-la-carretera-mexico-cuernavaca-presumen-uso-de-armas-largas\">El Universal<\/a><\/p>\n","protected":false},"excerpt":{"rendered":"<p>Agentes de inteligencia se enfrentaron con sujetos en medio de la\u00a0carretera M\u00e9xico-Cuernavaca; primeras versiones se\u00f1alan lesionados por armas largas. V\u00eda frecuencia se solicitaron apoyos y el arribo de 2 c\u00f3ndores de la SSC y 6 ambulancias de ERUM sobre el kil\u00f3metro 28,\u00a0San Andr\u00e9s Topilejo, Tlalpan. Personal de Base Drag\u00f3n solicit\u00f3 los refuerzos en el lugar, [&hellip;]<\/p>\n","protected":false},"author":8,"featured_media":64643,"comment_status":"open","ping_status":"open","sticky":false,"template":"","format":"standard","meta":{"_monsterinsights_skip_tracking":false,"_monsterinsights_sitenote_active":false,"_monsterinsights_sitenote_note":"","_monsterinsights_sitenote_category":0,"footnotes":""},"categories":[157],"tags":[6574,1906,10778],"class_list":["post-64641","post","type-post","status-publish","format-standard","has-post-thumbnail","hentry","category-nacional","tag-balacera","tag-carretera","tag-mexico-cuernavaca","wp-image-borders"],"amp_enabled":true,"_links":{"self":[{"href":"https:\/\/nvnoticias.mx\/index.php\/wp-json\/wp\/v2\/posts\/64641","targetHints":{"allow":["GET"]}}],"collection":[{"href":"https:\/\/nvnoticias.mx\/index.php\/wp-json\/wp\/v2\/posts"}],"about":[{"href":"https:\/\/nvnoticias.mx\/index.php\/wp-json\/wp\/v2\/types\/post"}],"author":[{"embeddable":true,"href":"https:\/\/nvnoticias.mx\/index.php\/wp-json\/wp\/v2\/users\/8"}],"replies":[{"embeddable":true,"href":"https:\/\/nvnoticias.mx\/index.php\/wp-json\/wp\/v2\/comments?post=64641"}],"version-history":[{"count":1,"href":"https:\/\/nvnoticias.mx\/index.php\/wp-json\/wp\/v2\/posts\/64641\/revisions"}],"predecessor-version":[{"id":64644,"href":"https:\/\/nvnoticias.mx\/index.php\/wp-json\/wp\/v2\/posts\/64641\/revisions\/64644"}],"wp:featuredmedia":[{"embeddable":true,"href":"https:\/\/nvnoticias.mx\/index.php\/wp-json\/wp\/v2\/media\/64643"}],"wp:attachment":[{"href":"https:\/\/nvnoticias.mx\/index.php\/wp-json\/wp\/v2\/media?parent=64641"}],"wp:term":[{"taxonomy":"category","embeddable":true,"href":"https:\/\/nvnoticias.mx\/index.php\/wp-json\/wp\/v2\/categories?post=64641"},{"taxonomy":"post_tag","embeddable":true,"href":"https:\/\/nvnoticias.mx\/index.php\/wp-json\/wp\/v2\/tags?post=64641"}],"curies":[{"name":"wp","href":"https:\/\/api.w.org\/{rel}","templated":true}]}}