{"id":64623,"date":"2022-07-12T14:59:29","date_gmt":"2022-07-12T19:59:29","guid":{"rendered":"https:\/\/nvnoticias.mx\/?p=64623"},"modified":"2022-07-12T14:59:30","modified_gmt":"2022-07-12T19:59:30","slug":"aumentan-de-precio-papa-y-naranja-se-mantendran-elevados-hasta-septiembre","status":"publish","type":"post","link":"https:\/\/nvnoticias.mx\/index.php\/2022\/07\/12\/aumentan-de-precio-papa-y-naranja-se-mantendran-elevados-hasta-septiembre\/","title":{"rendered":"Aumentan de precio papa y naranja se mantendr\u00e1n elevados hasta septiembre"},"content":{"rendered":"\n<p>La papa y naranja son las frutas y verduras que registraron mayor incremento en su costo por kilo, durante la segunda quincena de junio, con 11 por ciento y 5.9 por ciento respectivamente, de acuerdo con el Instituto de Informaci\u00f3n Estad\u00edstica y Geogr\u00e1fica de Jalisco. <\/p>\n\n\n\n<p>El precio de la naranja se mantiene en 26 pesos, cuando hace tres meses rondaba los 16 pesos, mientras que la papa pas\u00f3 de 20 pesos a 34. Mar\u00eda de Lourdes, comerciante del Mercado Rizo, coment\u00f3 que podr\u00eda ser hasta septiembre cuando se normalice el precio de este tub\u00e9rculo. <\/p>\n\n\n\n<blockquote class=\"wp-block-quote is-layout-flow wp-block-quote-is-layout-flow\"><p>&#8220;Yo pienso que mientras siga lloviendo s\u00ed, porque ya ves que se da debajo de la tierra y el agua no la deja crecer mucho, se pudre por la humedad&#8221;, explic\u00f3 la comerciante.<\/p><\/blockquote>\n\n\n\n<p> Por otro lado, el aguacate hass se mantiene caro, el costo promedio por kilo alcanza los 120 pesos. &#8220;El aguacate de este tipo de hass yo creo que no va a bajar hasta noviembre o diciembre porque ya hay otro m\u00e1s econ\u00f3mico que es el aguanoso, de c\u00e1scara de ese que se pela f\u00e1cil, pero este hass de aceite no creo que vaya a bajar, va a seguir en el mismo precio&#8221;, se\u00f1alo. El jitomate tambi\u00e9n aument\u00f3 de precio, pas\u00f3 de los 18 pesos a los 24 por kilo. https:\/\/www.milenio.com\/politica\/comunidad\/jalisco-papa-y-naranja-aumentan-de-precio<\/p>\n","protected":false},"excerpt":{"rendered":"<p>La papa y naranja son las frutas y verduras que registraron mayor incremento en su costo por kilo, durante la segunda quincena de junio, con 11 por ciento y 5.9 por ciento respectivamente, de acuerdo con el Instituto de Informaci\u00f3n Estad\u00edstica y Geogr\u00e1fica de Jalisco. El precio de la naranja se mantiene en 26 pesos, [&hellip;]<\/p>\n","protected":false},"author":35,"featured_media":56734,"comment_status":"open","ping_status":"open","sticky":false,"template":"","format":"standard","meta":{"_monsterinsights_skip_tracking":false,"_monsterinsights_sitenote_active":false,"_monsterinsights_sitenote_note":"","_monsterinsights_sitenote_category":0,"footnotes":""},"categories":[157],"tags":[17137,17136,9123,8890,5431],"class_list":["post-64623","post","type-post","status-publish","format-standard","has-post-thumbnail","hentry","category-nacional","tag-elevados","tag-mantendran","tag-naranja","tag-papa","tag-septiembre","wp-image-borders"],"amp_enabled":true,"_links":{"self":[{"href":"https:\/\/nvnoticias.mx\/index.php\/wp-json\/wp\/v2\/posts\/64623","targetHints":{"allow":["GET"]}}],"collection":[{"href":"https:\/\/nvnoticias.mx\/index.php\/wp-json\/wp\/v2\/posts"}],"about":[{"href":"https:\/\/nvnoticias.mx\/index.php\/wp-json\/wp\/v2\/types\/post"}],"author":[{"embeddable":true,"href":"https:\/\/nvnoticias.mx\/index.php\/wp-json\/wp\/v2\/users\/35"}],"replies":[{"embeddable":true,"href":"https:\/\/nvnoticias.mx\/index.php\/wp-json\/wp\/v2\/comments?post=64623"}],"version-history":[{"count":1,"href":"https:\/\/nvnoticias.mx\/index.php\/wp-json\/wp\/v2\/posts\/64623\/revisions"}],"predecessor-version":[{"id":64630,"href":"https:\/\/nvnoticias.mx\/index.php\/wp-json\/wp\/v2\/posts\/64623\/revisions\/64630"}],"wp:featuredmedia":[{"embeddable":true,"href":"https:\/\/nvnoticias.mx\/index.php\/wp-json\/wp\/v2\/media\/56734"}],"wp:attachment":[{"href":"https:\/\/nvnoticias.mx\/index.php\/wp-json\/wp\/v2\/media?parent=64623"}],"wp:term":[{"taxonomy":"category","embeddable":true,"href":"https:\/\/nvnoticias.mx\/index.php\/wp-json\/wp\/v2\/categories?post=64623"},{"taxonomy":"post_tag","embeddable":true,"href":"https:\/\/nvnoticias.mx\/index.php\/wp-json\/wp\/v2\/tags?post=64623"}],"curies":[{"name":"wp","href":"https:\/\/api.w.org\/{rel}","templated":true}]}}