{"id":64565,"date":"2022-07-12T12:46:59","date_gmt":"2022-07-12T17:46:59","guid":{"rendered":"https:\/\/nvnoticias.mx\/?p=64565"},"modified":"2022-07-12T12:50:59","modified_gmt":"2022-07-12T17:50:59","slug":"amlo-propone-a-biden-cinco-puntos-para-enfrentar-la-crisis-provocada-por-la-inflacion","status":"publish","type":"post","link":"https:\/\/nvnoticias.mx\/index.php\/2022\/07\/12\/amlo-propone-a-biden-cinco-puntos-para-enfrentar-la-crisis-provocada-por-la-inflacion\/","title":{"rendered":"AMLO propone a Biden cinco puntos para enfrentar la crisis provocada por la inflaci\u00f3n"},"content":{"rendered":"\n<p>El presidente&nbsp;Andr\u00e9s Manuel L\u00f3pez Obrador&nbsp;propuso a su hom\u00f3logo de Estados Unidos&nbsp;Joe Biden&nbsp;un plan de cinco puntos para superar la crisis econ\u00f3mica provocada por la&nbsp;inflaci\u00f3n mundial.<\/p>\n\n\n\n<p>En su segundo encuentro presencial en el Despacho Oval de la Casa Blanca, el&nbsp;presidente L\u00f3pez Obrador plante\u00f3 que se debe ordenar el flujo migratorio y permitir la llegada de Estados Unidos de obreros, t\u00e9cnicos y profesionales de distintas disciplinas mexicanos y centroamericanos con visas temporales de trabajo.<\/p>\n\n\n\n<blockquote class=\"wp-block-quote is-layout-flow wp-block-quote-is-layout-flow\"><p>\u201c<em>Es indispensable lo digo de manera respetuosa regularizar y dar certidumbre a migrantes que desde hace varios a\u00f1os trabajan honradamente y contribuyen al&nbsp;desarrollo de esta gran&nbsp;naci\u00f3n<\/em>\u201d.<\/p><\/blockquote>\n\n\n\n<blockquote class=\"wp-block-quote is-layout-flow wp-block-quote-is-layout-flow\"><p>\u201c<em>S\u00e9 que sus&nbsp;adversarios los conservadores&nbsp;van a pegar el grito en el cielo, pero sin un programa atrevido de desarrollo y bienestar, no ser\u00e1 posible resolver los problemas. Frente a la crisis la salida no esta en el conservadurismo sino en la transformaci\u00f3n<\/em>\u201d.<\/p><\/blockquote>\n\n\n\n<p>El presidente L\u00f3pez Obrador plante\u00f3 como segundo punto duplicar la&nbsp;producci\u00f3n de gasolina&nbsp;en la frontera con Estados Unidos para que los estadounidenses puedan cargar gasolina a menor precio.<\/p>\n\n\n\n<p>El punto tres que plante\u00f3 el presidente L\u00f3pez Obrador es poner a disposici\u00f3n del gobierno de&nbsp;Estados Unidos&nbsp;m\u00e1s de mil kil\u00f3metros de gasoductos a lo largo de la frontera sur con M\u00e9xico, para transportar gas de Texas a Nuevo M\u00e9xico, Arizona y California capaz de generar hast 750 megawatts de&nbsp;energ\u00eda el\u00e9ctrica&nbsp;y abastecer a 3 millones de personas.<\/p>\n\n\n\n<p>En cuanto al&nbsp;T-MEC,&nbsp;el Mandatario mexicano plante\u00f3&nbsp;eliminar aranceles, medidas reglamentarias y tr\u00e1mites tediosos en comercio de alimentos y otros bienes que aminoren los precios a los consumidores de otros pa\u00edses, cuidando s\u00f3lo la Salud y el Medio Ambiente.<\/p>\n\n\n\n<p>As\u00ed como iniciar un plan de inversi\u00f3n p\u00fablica y privada entre los dos pa\u00edses para producir bienes que fortalezcan nuestros mercados y se eviten importaciones de otras regiones o continentes.<\/p>\n\n\n\n<blockquote class=\"wp-block-quote is-layout-flow wp-block-quote-is-layout-flow\"><p>\u201c<em>En nuestro pa\u00eds seguiremos\u00a0produciendo petr\u00f3leo\u00a0mientras se concreta la\u00a0transici\u00f3n energ\u00e9tica, se establecer\u00e1n con inversionistas estadounidenses plantas de licuefacci\u00f3n de gas, de fertilizantes \u00a0y se continuar\u00e1 impulsado la creaci\u00f3n de parques solares en Sonora y otros estados fronterizos con el respaldo de termoel\u00e9ctricas y el tendido de l\u00edneas de transmisi\u00f3n, para producir energ\u00eda y exportar a Estados vencimos de Estados Unidos como Texas, Nuevo M\u00e9xico, Arizona y California<\/em>\u201d.<\/p><\/blockquote>\n\n\n\n<p>Fuente: <a href=\"https:\/\/www.eluniversal.com.mx\/nacion\/amlo-propone-biden-cinco-puntos-para-enfrentar-la-crisis-provocada-por-la-inflacion\">El Universal<\/a><\/p>\n","protected":false},"excerpt":{"rendered":"<p>El presidente&nbsp;Andr\u00e9s Manuel L\u00f3pez Obrador&nbsp;propuso a su hom\u00f3logo de Estados Unidos&nbsp;Joe Biden&nbsp;un plan de cinco puntos para superar la crisis econ\u00f3mica provocada por la&nbsp;inflaci\u00f3n mundial. En su segundo encuentro presencial en el Despacho Oval de la Casa Blanca, el&nbsp;presidente L\u00f3pez Obrador plante\u00f3 que se debe ordenar el flujo migratorio y permitir la llegada de Estados [&hellip;]<\/p>\n","protected":false},"author":8,"featured_media":64566,"comment_status":"open","ping_status":"open","sticky":false,"template":"","format":"standard","meta":{"_monsterinsights_skip_tracking":false,"_monsterinsights_sitenote_active":false,"_monsterinsights_sitenote_note":"","_monsterinsights_sitenote_category":0,"footnotes":""},"categories":[157],"tags":[188,1771,717,2978,162],"class_list":["post-64565","post","type-post","status-publish","format-standard","has-post-thumbnail","hentry","category-nacional","tag-amlo","tag-biden","tag-crisis","tag-inflacion","tag-portada","wp-image-borders"],"amp_enabled":true,"_links":{"self":[{"href":"https:\/\/nvnoticias.mx\/index.php\/wp-json\/wp\/v2\/posts\/64565","targetHints":{"allow":["GET"]}}],"collection":[{"href":"https:\/\/nvnoticias.mx\/index.php\/wp-json\/wp\/v2\/posts"}],"about":[{"href":"https:\/\/nvnoticias.mx\/index.php\/wp-json\/wp\/v2\/types\/post"}],"author":[{"embeddable":true,"href":"https:\/\/nvnoticias.mx\/index.php\/wp-json\/wp\/v2\/users\/8"}],"replies":[{"embeddable":true,"href":"https:\/\/nvnoticias.mx\/index.php\/wp-json\/wp\/v2\/comments?post=64565"}],"version-history":[{"count":2,"href":"https:\/\/nvnoticias.mx\/index.php\/wp-json\/wp\/v2\/posts\/64565\/revisions"}],"predecessor-version":[{"id":64570,"href":"https:\/\/nvnoticias.mx\/index.php\/wp-json\/wp\/v2\/posts\/64565\/revisions\/64570"}],"wp:featuredmedia":[{"embeddable":true,"href":"https:\/\/nvnoticias.mx\/index.php\/wp-json\/wp\/v2\/media\/64566"}],"wp:attachment":[{"href":"https:\/\/nvnoticias.mx\/index.php\/wp-json\/wp\/v2\/media?parent=64565"}],"wp:term":[{"taxonomy":"category","embeddable":true,"href":"https:\/\/nvnoticias.mx\/index.php\/wp-json\/wp\/v2\/categories?post=64565"},{"taxonomy":"post_tag","embeddable":true,"href":"https:\/\/nvnoticias.mx\/index.php\/wp-json\/wp\/v2\/tags?post=64565"}],"curies":[{"name":"wp","href":"https:\/\/api.w.org\/{rel}","templated":true}]}}