{"id":64445,"date":"2022-07-11T15:36:52","date_gmt":"2022-07-11T20:36:52","guid":{"rendered":"https:\/\/nvnoticias.mx\/?p=64445"},"modified":"2022-07-11T15:36:53","modified_gmt":"2022-07-11T20:36:53","slug":"solicita-pri-a-ebrard-informe-sobre-muerte-de-migrantes-en-texas","status":"publish","type":"post","link":"https:\/\/nvnoticias.mx\/index.php\/2022\/07\/11\/solicita-pri-a-ebrard-informe-sobre-muerte-de-migrantes-en-texas\/","title":{"rendered":"Solicita PRI a Ebrard informe sobre muerte de migrantes en Texas"},"content":{"rendered":"\n<p>El grupo parlamentario del PRI en la C\u00e1mara de Diputados solicit\u00f3 al secretario de Relaciones Exteriores (SRE), Marcelo Ebrard, un&nbsp;<strong>informe detallado<\/strong>&nbsp;sobre los hechos en que<strong>&nbsp;27 migrantes mexicanos murieron asfixiados<\/strong>&nbsp;dentro de un tr\u00e1iler el 27 de junio en Texas.<\/p>\n\n\n\n<p>En un punto de acuerdo suscrito por las legisladoras Sof\u00eda Carvajal y Mar\u00eda Elena Serrano, as\u00ed como su correligionario Mariano Gonz\u00e1lez, la bancada priista subray\u00f3 que el canciller debe explicar detalladamente a la Comisi\u00f3n Permanente del Congreso de la Uni\u00f3n las<strong>\u00a0causas de la tragedia de 67 personas que viajaban hacinadas,<\/strong>\u00a0sin ventilaci\u00f3n y sin agua a una temperatura aproximada de 40 grados cent\u00edgrados.<\/p>\n\n\n\n<blockquote class=\"wp-block-quote is-layout-flow wp-block-quote-is-layout-flow\"><p>\u201cA m\u00e1s de diez d\u00edas de los hechos mort\u00edferos, es necesario que la Secretar\u00eda de Relaciones Exteriores d\u00e9 a conocer cu\u00e1les ser\u00e1n las medidas de reparaci\u00f3n que se les brindar\u00e1n a las familias de los migrantes mexicanos fallecidos en la caja de un tr\u00e1iler abandonado a las afueras de San Antonio\u201d, puntualiz\u00f3.<\/p><\/blockquote>\n\n\n\n<p>Los diputados federales del tricolor llamaron asimismo a exponer cu\u00e1les ser\u00e1n las garant\u00edas de no repetici\u00f3n para&nbsp;<strong>evitar que hechos similares vuelvan a ocurrir.<\/strong><\/p>\n\n\n\n<p>En la proposici\u00f3n presentada ante la Comisi\u00f3n Permanente, Carvajal, Serrano y Gonz\u00e1lez se\u00f1alaron que es de suma&nbsp;<strong>importancia conocer los acuerdos sobre migraci\u00f3n<\/strong>&nbsp;entre M\u00e9xico y Estados Unido previstos para el encuentro entre los presidentes Andr\u00e9s Manuel L\u00f3pez Obrador y Joe Biden este 12 de julio en Washington.<\/p>\n\n\n\n<blockquote class=\"wp-block-quote is-layout-flow wp-block-quote-is-layout-flow\"><p>\u201cEs importante subrayar los mexicanos que se arriesgan por llegar al vecino pa\u00eds del norte lo hacen para buscar una vida mejor para sus familias, para enviar a sus hijos a la escuela, ayudarlos a salir adelante y tener un futuro mejor\u201d, remarcaron.<\/p><\/blockquote>\n\n\n\n<p>La fracci\u00f3n legislativa del PRI inst\u00f3 tambi\u00e9n al secretario Marcelo Ebrard a informar el resto de la<strong>\u00a0agenda que abordar\u00e1 el presidente L\u00f3pez Obrador con su hom\u00f3logo Biden.<\/strong><\/p>\n\n\n\n<p>Fuente: <a href=\"https:\/\/www.milenio.com\/politica\/pri-pide-ebrard-informe-muerte-migrantes-texas\" data-type=\"URL\" data-id=\"https:\/\/www.milenio.com\/politica\/pri-pide-ebrard-informe-muerte-migrantes-texas\">Milenio<\/a><\/p>\n","protected":false},"excerpt":{"rendered":"<p>El grupo parlamentario del PRI en la C\u00e1mara de Diputados solicit\u00f3 al secretario de Relaciones Exteriores (SRE), Marcelo Ebrard, un&nbsp;informe detallado&nbsp;sobre los hechos en que&nbsp;27 migrantes mexicanos murieron asfixiados&nbsp;dentro de un tr\u00e1iler el 27 de junio en Texas. En un punto de acuerdo suscrito por las legisladoras Sof\u00eda Carvajal y Mar\u00eda Elena Serrano, as\u00ed como [&hellip;]<\/p>\n","protected":false},"author":35,"featured_media":62049,"comment_status":"open","ping_status":"open","sticky":false,"template":"","format":"standard","meta":{"_monsterinsights_skip_tracking":false,"_monsterinsights_sitenote_active":false,"_monsterinsights_sitenote_note":"","_monsterinsights_sitenote_category":0,"footnotes":""},"categories":[158],"tags":[1742,391,452,311,208,13049,918],"class_list":["post-64445","post","type-post","status-publish","format-standard","has-post-thumbnail","hentry","category-politica","tag-informe","tag-marcelo-ebrard","tag-migrantes","tag-muerte","tag-pri","tag-solicita","tag-texas","wp-image-borders"],"amp_enabled":true,"_links":{"self":[{"href":"https:\/\/nvnoticias.mx\/index.php\/wp-json\/wp\/v2\/posts\/64445","targetHints":{"allow":["GET"]}}],"collection":[{"href":"https:\/\/nvnoticias.mx\/index.php\/wp-json\/wp\/v2\/posts"}],"about":[{"href":"https:\/\/nvnoticias.mx\/index.php\/wp-json\/wp\/v2\/types\/post"}],"author":[{"embeddable":true,"href":"https:\/\/nvnoticias.mx\/index.php\/wp-json\/wp\/v2\/users\/35"}],"replies":[{"embeddable":true,"href":"https:\/\/nvnoticias.mx\/index.php\/wp-json\/wp\/v2\/comments?post=64445"}],"version-history":[{"count":1,"href":"https:\/\/nvnoticias.mx\/index.php\/wp-json\/wp\/v2\/posts\/64445\/revisions"}],"predecessor-version":[{"id":64446,"href":"https:\/\/nvnoticias.mx\/index.php\/wp-json\/wp\/v2\/posts\/64445\/revisions\/64446"}],"wp:featuredmedia":[{"embeddable":true,"href":"https:\/\/nvnoticias.mx\/index.php\/wp-json\/wp\/v2\/media\/62049"}],"wp:attachment":[{"href":"https:\/\/nvnoticias.mx\/index.php\/wp-json\/wp\/v2\/media?parent=64445"}],"wp:term":[{"taxonomy":"category","embeddable":true,"href":"https:\/\/nvnoticias.mx\/index.php\/wp-json\/wp\/v2\/categories?post=64445"},{"taxonomy":"post_tag","embeddable":true,"href":"https:\/\/nvnoticias.mx\/index.php\/wp-json\/wp\/v2\/tags?post=64445"}],"curies":[{"name":"wp","href":"https:\/\/api.w.org\/{rel}","templated":true}]}}