{"id":64429,"date":"2022-07-11T14:50:06","date_gmt":"2022-07-11T19:50:06","guid":{"rendered":"https:\/\/nvnoticias.mx\/?p=64429"},"modified":"2022-07-11T14:50:07","modified_gmt":"2022-07-11T19:50:07","slug":"nuestro-objetivo-es-dejar-una-ciudad-mas-segura-claudia-sheinbaum","status":"publish","type":"post","link":"https:\/\/nvnoticias.mx\/index.php\/2022\/07\/11\/nuestro-objetivo-es-dejar-una-ciudad-mas-segura-claudia-sheinbaum\/","title":{"rendered":"Nuestro objetivo es dejar una ciudad m\u00e1s segura: Claudia Sheinbaum"},"content":{"rendered":"\n<p><strong>Claudia Sheinbaum<\/strong>, jefa de Gobierno de la Ciudad de M\u00e9xico, destac\u00f3 los avances en&nbsp;<strong>materia de seguridad<\/strong>&nbsp;que ha tenido la capital del pa\u00eds durante estos cuatro a\u00f1os de su administraci\u00f3n.<\/p>\n\n\n\n<p>En entrevista con\u00a0<strong>Blanca Becerril<\/strong>\u00a0en Reporte, resalt\u00f3 que en mayo de 2019 el promedio diario de homicidios en la CDMX era de seis. Ahora, el promedio es de 1.8 homicidios por d\u00eda.<\/p>\n\n\n\n<blockquote class=\"wp-block-quote is-layout-flow wp-block-quote-is-layout-flow\"><p>\u201cMuchas veces se le echa la culpa al gobierno federal, pero nosotros lo que hicimos es coordinarnos\u201d, mencion\u00f3 la mandataria y agreg\u00f3 que esto ha sido gracias a una estrategia que tiene cuatro ejes.<\/p><\/blockquote>\n\n\n\n<p>Explic\u00f3 que uno de estos ha sido el\u00a0<strong>apoyo a los j\u00f3venes<\/strong>\u00a0con menos oportunidades para insertarse en la sociedad. Resalt\u00f3 programas como la de los centros Pilares, la Universidades de la Ciudad de M\u00e9xico o la implementaci\u00f3n de actividades culturales.<\/p>\n\n\n\n<p>En cuanto al\u00a0<strong>feminicidio<\/strong>, la funcionaria apunt\u00f3 que es un tema de<strong>\u00a0violencia familiar,<\/strong>\u00a0ya que en la mayor\u00eda de los casos es de una persona conocida por la v\u00edctima como su marido o una expareja.<\/p>\n\n\n\n<p>Acot\u00f3 que existe la una fiscal\u00eda especializada para tratar este delito, pero anot\u00f3 que est\u00e1n trabajando para hacer un\u00a0<strong>protocolo de atenci\u00f3n de emergencias<\/strong>. Adem\u00e1s, habl\u00f3 sobre el mejoramiento de la L\u00ednea Violeta, usada por las mujeres violentadas para denunciar una agresi\u00f3n.<\/p>\n\n\n\n<blockquote class=\"wp-block-quote is-layout-flow wp-block-quote-is-layout-flow\"><p>\u201cNo solo queremos que hablen por tel\u00e9fono, sino que haya un seguimiento de los casos de violencia\u201d, mencion\u00f3.<\/p><\/blockquote>\n\n\n\n<p>Por \u00faltimo,\u00a0<strong>pidi\u00f3 a la ciudadan\u00eda denunciar<\/strong>\u00a0los il\u00edcitos para que las autoridades capitalinas puedan actuar y disminuir estos delitos. \u201cNuestro objetivo es dejar una ciudad m\u00e1s segura\u201d, concluy\u00f3.<\/p>\n\n\n\n<p>Fuente: <a href=\"https:\/\/heraldodemexico.com.mx\/nacional\/2022\/7\/11\/claudia-sheinbaum-nuestro-objetivo-es-dejar-una-ciudad-mas-segura-420928.html\" data-type=\"URL\" data-id=\"https:\/\/heraldodemexico.com.mx\/nacional\/2022\/7\/11\/claudia-sheinbaum-nuestro-objetivo-es-dejar-una-ciudad-mas-segura-420928.html\">El Heraldo de M\u00e9xico <\/a><\/p>\n","protected":false},"excerpt":{"rendered":"<p>Claudia Sheinbaum, jefa de Gobierno de la Ciudad de M\u00e9xico, destac\u00f3 los avances en&nbsp;materia de seguridad&nbsp;que ha tenido la capital del pa\u00eds durante estos cuatro a\u00f1os de su administraci\u00f3n. En entrevista con\u00a0Blanca Becerril\u00a0en Reporte, resalt\u00f3 que en mayo de 2019 el promedio diario de homicidios en la CDMX era de seis. Ahora, el promedio es [&hellip;]<\/p>\n","protected":false},"author":35,"featured_media":46040,"comment_status":"open","ping_status":"open","sticky":false,"template":"","format":"standard","meta":{"_monsterinsights_skip_tracking":false,"_monsterinsights_sitenote_active":false,"_monsterinsights_sitenote_note":"","_monsterinsights_sitenote_category":0,"footnotes":""},"categories":[158],"tags":[2801,7507],"class_list":["post-64429","post","type-post","status-publish","format-standard","has-post-thumbnail","hentry","category-politica","tag-claudia-sheinbaum","tag-materia-de-seguridad","wp-image-borders"],"amp_enabled":true,"_links":{"self":[{"href":"https:\/\/nvnoticias.mx\/index.php\/wp-json\/wp\/v2\/posts\/64429","targetHints":{"allow":["GET"]}}],"collection":[{"href":"https:\/\/nvnoticias.mx\/index.php\/wp-json\/wp\/v2\/posts"}],"about":[{"href":"https:\/\/nvnoticias.mx\/index.php\/wp-json\/wp\/v2\/types\/post"}],"author":[{"embeddable":true,"href":"https:\/\/nvnoticias.mx\/index.php\/wp-json\/wp\/v2\/users\/35"}],"replies":[{"embeddable":true,"href":"https:\/\/nvnoticias.mx\/index.php\/wp-json\/wp\/v2\/comments?post=64429"}],"version-history":[{"count":1,"href":"https:\/\/nvnoticias.mx\/index.php\/wp-json\/wp\/v2\/posts\/64429\/revisions"}],"predecessor-version":[{"id":64433,"href":"https:\/\/nvnoticias.mx\/index.php\/wp-json\/wp\/v2\/posts\/64429\/revisions\/64433"}],"wp:featuredmedia":[{"embeddable":true,"href":"https:\/\/nvnoticias.mx\/index.php\/wp-json\/wp\/v2\/media\/46040"}],"wp:attachment":[{"href":"https:\/\/nvnoticias.mx\/index.php\/wp-json\/wp\/v2\/media?parent=64429"}],"wp:term":[{"taxonomy":"category","embeddable":true,"href":"https:\/\/nvnoticias.mx\/index.php\/wp-json\/wp\/v2\/categories?post=64429"},{"taxonomy":"post_tag","embeddable":true,"href":"https:\/\/nvnoticias.mx\/index.php\/wp-json\/wp\/v2\/tags?post=64429"}],"curies":[{"name":"wp","href":"https:\/\/api.w.org\/{rel}","templated":true}]}}