{"id":6429,"date":"2021-03-05T16:13:46","date_gmt":"2021-03-05T22:13:46","guid":{"rendered":"https:\/\/nvnoticias.mx\/?p=6429"},"modified":"2021-03-05T16:13:47","modified_gmt":"2021-03-05T22:13:47","slug":"la-cultura-de-libertad-y-accion","status":"publish","type":"post","link":"https:\/\/nvnoticias.mx\/index.php\/2021\/03\/05\/la-cultura-de-libertad-y-accion\/","title":{"rendered":"La Cultura de la libertad y acci\u00f3n"},"content":{"rendered":"\n<p class=\"has-text-align-right\"><strong>Alfredo S\u00e1nchez Jr.<\/strong><\/p>\n\n\n\n<p><strong>La libertad de expresi\u00f3n es lo mejor que le ha pasado al ser humano racional<\/strong>, le ha permitido poder expresar nuevas ideas, proyectos e incluso mejorar sus capacidades por medio de compartir sus experiencias con otras personas y ser respondido por otra que tenga un inter\u00e9s en el mismo tema.<\/p>\n\n\n\n<p><strong>Aunque todo suena hasta cierto punto ut\u00f3pico, lamentablemente se ha deformado la idea la libertad de expresi\u00f3n<\/strong>. En vez de escuchar y ser escuchado se ha vuelto algo m\u00e1s como obligar a que me escuchen, pero&#8230; \u00bfpor qu\u00e9?, lamentablemente sonar\u00e1 algo despectivo pero es la realidad; <strong>la ignorancia es la base de la enfermedad <\/strong>que aqueja a la libertad de expresi\u00f3n actualmente en una civilizaci\u00f3n basada en una red en la cual puedes &#8220;protegerte&#8221; detr\u00e1s de una pantalla, que genera una <strong>problem\u00e1tica que se van haciendo grandes como una bola de nieve<\/strong>, cuando incluso no es necesario generar tanta atenci\u00f3n a un tema tan irrelevante como lo puede ser la vida privada de otras personas sean o no sean &#8220;famosas&#8221; o &#8220;influenciadores&#8221;. <\/p>\n\n\n\n<p>Eso fue un ejemplo vago, <strong>un ejemplo m\u00e1s racional ser\u00eda<\/strong> Twitter, ya que ah\u00ed reina la prepotencia y la desinformaci\u00f3n de temas de discusi\u00f3n en base a sus usuarios menos capaces (mentalmente hablando).<\/p>\n\n\n\n<p>A lo que se busca llegar es que no se debe de obligar a la gente a escucharte y si las personas tienen algo que decir tambi\u00e9n hay que escucharlas ya que de esa forma todos aprendemos de todos.<\/p>\n\n\n\n<p>El peor\/mejor ejemplo ser\u00eda <strong>la vandalizaci\u00f3n del \u00c1ngel de la Independencia tras la marcha feminista<\/strong> <em>(no se tiene nada en contra del movimiento feminista s\u00f3lo es una observaci\u00f3n respetuosa)<\/em>, que sin duda alguna estaba de m\u00e1s. No me abstengo a las marchas y mucho menos a que expresen sus problem\u00e1ticas que aquejan a la sociedad actual, solo tener en cuenta que<strong> las acciones tienen consecuencias y esa acci\u00f3n no fue del todo correcta<\/strong>. <\/p>\n\n\n\n<p>Tampoco lo es agredir a peatones o personas que no tienen nada que ver con el tema principal que es los feminicidios, que si es una realidad, a M\u00e9xico lo aqueja la violencia desde hace a\u00f1os y no se ha detenido, al contrario solo va en aumento en todos los sectores de inseguridad, no s\u00f3lo en las muertes de las mujeres, tambi\u00e9n en hombres, ni\u00f1as y ni\u00f1os.<\/p>\n\n\n\n<p>Para cambiar est\u00e9 pa\u00eds no s\u00f3lo es cuesti\u00f3n de pedir a gritos por la calle que te escuchen y que alguien m\u00e1s se encargue, lamentablemente si no son decenas de millones de personas que mantengan la presi\u00f3n constante sobre los gobernantes no se lograr\u00e1 nada, los que deben de cambiar al pa\u00eds por sus propios medios somos todos nosotros; suena f\u00e1cil de decir pero no lo es, todos lo saben, si no M\u00e9xico no estar\u00eda como est\u00e1 actualmente. <\/p>\n\n\n\n<p>Para ser concisos, <strong>no es cuesti\u00f3n de s\u00f3lo decir lo que tengas que decir<\/strong>, es cuesti\u00f3n de <strong>actuar conforme al ideal que se busca proteger<\/strong>, <strong>pero de una manera humana sin llegar al salvajismo, ni vandalismo.  <\/strong><\/p>\n","protected":false},"excerpt":{"rendered":"<p>Alfredo S\u00e1nchez Jr. La libertad de expresi\u00f3n es lo mejor que le ha pasado al ser humano racional, le ha permitido poder expresar nuevas ideas, proyectos e incluso mejorar sus capacidades por medio de compartir sus experiencias con otras personas y ser respondido por otra que tenga un inter\u00e9s en el mismo tema. Aunque todo [&hellip;]<\/p>\n","protected":false},"author":8,"featured_media":6722,"comment_status":"open","ping_status":"open","sticky":false,"template":"","format":"standard","meta":{"_monsterinsights_skip_tracking":false,"_monsterinsights_sitenote_active":false,"_monsterinsights_sitenote_note":"","_monsterinsights_sitenote_category":0,"footnotes":""},"categories":[350],"tags":[349,501],"class_list":["post-6429","post","type-post","status-publish","format-standard","has-post-thumbnail","hentry","category-va-que-va","tag-alfredo-sanchez-jr","tag-va-que-va","wp-image-borders"],"amp_enabled":true,"_links":{"self":[{"href":"https:\/\/nvnoticias.mx\/index.php\/wp-json\/wp\/v2\/posts\/6429","targetHints":{"allow":["GET"]}}],"collection":[{"href":"https:\/\/nvnoticias.mx\/index.php\/wp-json\/wp\/v2\/posts"}],"about":[{"href":"https:\/\/nvnoticias.mx\/index.php\/wp-json\/wp\/v2\/types\/post"}],"author":[{"embeddable":true,"href":"https:\/\/nvnoticias.mx\/index.php\/wp-json\/wp\/v2\/users\/8"}],"replies":[{"embeddable":true,"href":"https:\/\/nvnoticias.mx\/index.php\/wp-json\/wp\/v2\/comments?post=6429"}],"version-history":[{"count":7,"href":"https:\/\/nvnoticias.mx\/index.php\/wp-json\/wp\/v2\/posts\/6429\/revisions"}],"predecessor-version":[{"id":6725,"href":"https:\/\/nvnoticias.mx\/index.php\/wp-json\/wp\/v2\/posts\/6429\/revisions\/6725"}],"wp:featuredmedia":[{"embeddable":true,"href":"https:\/\/nvnoticias.mx\/index.php\/wp-json\/wp\/v2\/media\/6722"}],"wp:attachment":[{"href":"https:\/\/nvnoticias.mx\/index.php\/wp-json\/wp\/v2\/media?parent=6429"}],"wp:term":[{"taxonomy":"category","embeddable":true,"href":"https:\/\/nvnoticias.mx\/index.php\/wp-json\/wp\/v2\/categories?post=6429"},{"taxonomy":"post_tag","embeddable":true,"href":"https:\/\/nvnoticias.mx\/index.php\/wp-json\/wp\/v2\/tags?post=6429"}],"curies":[{"name":"wp","href":"https:\/\/api.w.org\/{rel}","templated":true}]}}