{"id":64212,"date":"2022-07-09T14:47:01","date_gmt":"2022-07-09T19:47:01","guid":{"rendered":"https:\/\/nvnoticias.mx\/?p=64212"},"modified":"2022-07-09T14:47:02","modified_gmt":"2022-07-09T19:47:02","slug":"solicitara-senado-a-congreso-de-eu-investigar-redes-de-trafico-de-migrantes","status":"publish","type":"post","link":"https:\/\/nvnoticias.mx\/index.php\/2022\/07\/09\/solicitara-senado-a-congreso-de-eu-investigar-redes-de-trafico-de-migrantes\/","title":{"rendered":"Solicitar\u00e1 Senado a Congreso de EU investigar redes de tr\u00e1fico de migrantes"},"content":{"rendered":"\n<p>El\u00a0<strong>Senado<\/strong>\u00a0mexicano solicitar\u00e1 al\u00a0<strong>Congreso de Estados Unidos<\/strong>\u00a0que se realice una\u00a0<strong>investigaci\u00f3n\u00a0<\/strong>por parte de esa instancia legislativa y del gobierno sobre las\u00a0<strong>redes de tr\u00e1fico de\u00a0migrantes,<\/strong>\u00a0las posibles complicidades de agentes fronterizos y policiales que han derivado en un aumento de las muertes de migrantes mexicanos y centroamericanos como lo ocurrido en el tr\u00e1iler en San Antonio, Texas, con m\u00e1s de 50 v\u00edctimas mortales.<\/p>\n\n\n\n<p>Inform\u00f3 el vicepresidente de la Mesa Directiva del Senado,<strong>&nbsp;Jos\u00e9 Narro C\u00e9spedes,<\/strong>&nbsp;quien dijo que siempre se habla de la corrupci\u00f3n en M\u00e9xico, de las redes de traficantes en este lado del R\u00edo Bravo, pero en Estados Unidos nunca se ha conocido de funcionarios destituidos, investigados, por apoyar a estas organizaciones trasnacionales.<\/p>\n\n\n\n<blockquote class=\"wp-block-quote is-layout-flow wp-block-quote-is-layout-flow\"><p>\u201cC\u00f3mo es posible que un tr\u00e1iler repleto de migrantes burle a la Border Patrol, a los retenes en las carreteras fronterizas de Estados Unidos y nadie lo detecte. El Congreso y el Gobierno de ese pa\u00eds tambi\u00e9n deben hacer su parte y no s\u00f3lo exigir a M\u00e9xico contener la migraci\u00f3n\u201d, indic\u00f3 en entrevista el senador por Morena.<\/p><\/blockquote>\n\n\n\n<p>Consider\u00f3 que los migrantes no cruzan la frontera escondi\u00e9ndose de las autoridades migratorias de Estados Unidos, tambi\u00e9n \u201cpasan por complicidades de autoridades del otro lado permiten este tr\u00e1fico masivo de migrantes\u201d.<\/p>\n\n\n\n<p>Record\u00f3 que la migraci\u00f3n ser\u00e1 el principal tema de la reuni\u00f3n entre los presidentes Joe Biden y Andr\u00e9s Manuel L\u00f3pez Obrador, por lo que en este contexto, los congresos de ambos pa\u00edses deben de coadyuvar a frenar la tragedia que ocurre todos los d\u00edas con los migrantes en ambos lados de la frontera.<\/p>\n\n\n\n<p>Narro C\u00e9spedes, dijo que propondr\u00e1 a la Comisi\u00f3n de Asuntos Migratorios del Senado, llamar a comparecer al titular del Instituto Nacional de Migraci\u00f3n (INM) para que explique qu\u00e9 est\u00e1 ocurriendo con el tr\u00e1fico de migrantes que est\u00e1n siendo llevamos a Estados Unidos por las bandas del crimen organizado.<\/p>\n\n\n\n<p>Anunci\u00f3 tambi\u00e9n un un foro sobre el tema de migraci\u00f3n con funcionarios, expertos y legisladores para que se rinda un informe de las tareas del INM y de otras dependencias federales, de sus responsabilidades y se haga una evaluaci\u00f3n de un problema que se ha ido tornando en un problema grave, dif\u00edcil para M\u00e9xico.<\/p>\n\n\n\n<p>Fuente: <a href=\"https:\/\/www.eluniversal.com.mx\/nacion\/migrantes-senado-solicitara-congreso-de-eu-investigar-redes-de-trafico\" data-type=\"URL\" data-id=\"https:\/\/www.eluniversal.com.mx\/nacion\/migrantes-senado-solicitara-congreso-de-eu-investigar-redes-de-trafico\">El Universal<\/a><\/p>\n","protected":false},"excerpt":{"rendered":"<p>El\u00a0Senado\u00a0mexicano solicitar\u00e1 al\u00a0Congreso de Estados Unidos\u00a0que se realice una\u00a0investigaci\u00f3n\u00a0por parte de esa instancia legislativa y del gobierno sobre las\u00a0redes de tr\u00e1fico de\u00a0migrantes,\u00a0las posibles complicidades de agentes fronterizos y policiales que han derivado en un aumento de las muertes de migrantes mexicanos y centroamericanos como lo ocurrido en el tr\u00e1iler en San Antonio, Texas, con m\u00e1s [&hellip;]<\/p>\n","protected":false},"author":35,"featured_media":44535,"comment_status":"open","ping_status":"open","sticky":false,"template":"","format":"standard","meta":{"_monsterinsights_skip_tracking":false,"_monsterinsights_sitenote_active":false,"_monsterinsights_sitenote_note":"","_monsterinsights_sitenote_category":0,"footnotes":""},"categories":[158],"tags":[12251,9638,9309,369,12054,17037],"class_list":["post-64212","post","type-post","status-publish","format-standard","has-post-thumbnail","hentry","category-politica","tag-congreso-de-estados-unidos","tag-investigar","tag-redes","tag-senado","tag-solicitara","tag-trafico-de-migrantes","wp-image-borders"],"amp_enabled":true,"_links":{"self":[{"href":"https:\/\/nvnoticias.mx\/index.php\/wp-json\/wp\/v2\/posts\/64212","targetHints":{"allow":["GET"]}}],"collection":[{"href":"https:\/\/nvnoticias.mx\/index.php\/wp-json\/wp\/v2\/posts"}],"about":[{"href":"https:\/\/nvnoticias.mx\/index.php\/wp-json\/wp\/v2\/types\/post"}],"author":[{"embeddable":true,"href":"https:\/\/nvnoticias.mx\/index.php\/wp-json\/wp\/v2\/users\/35"}],"replies":[{"embeddable":true,"href":"https:\/\/nvnoticias.mx\/index.php\/wp-json\/wp\/v2\/comments?post=64212"}],"version-history":[{"count":1,"href":"https:\/\/nvnoticias.mx\/index.php\/wp-json\/wp\/v2\/posts\/64212\/revisions"}],"predecessor-version":[{"id":64213,"href":"https:\/\/nvnoticias.mx\/index.php\/wp-json\/wp\/v2\/posts\/64212\/revisions\/64213"}],"wp:featuredmedia":[{"embeddable":true,"href":"https:\/\/nvnoticias.mx\/index.php\/wp-json\/wp\/v2\/media\/44535"}],"wp:attachment":[{"href":"https:\/\/nvnoticias.mx\/index.php\/wp-json\/wp\/v2\/media?parent=64212"}],"wp:term":[{"taxonomy":"category","embeddable":true,"href":"https:\/\/nvnoticias.mx\/index.php\/wp-json\/wp\/v2\/categories?post=64212"},{"taxonomy":"post_tag","embeddable":true,"href":"https:\/\/nvnoticias.mx\/index.php\/wp-json\/wp\/v2\/tags?post=64212"}],"curies":[{"name":"wp","href":"https:\/\/api.w.org\/{rel}","templated":true}]}}