{"id":64186,"date":"2022-07-09T12:59:03","date_gmt":"2022-07-09T17:59:03","guid":{"rendered":"https:\/\/nvnoticias.mx\/?p=64186"},"modified":"2022-07-09T12:59:04","modified_gmt":"2022-07-09T17:59:04","slug":"crisis-financiera-opaca-el-30-aniversario-del-museo-jose-luis-cuevas","status":"publish","type":"post","link":"https:\/\/nvnoticias.mx\/index.php\/2022\/07\/09\/crisis-financiera-opaca-el-30-aniversario-del-museo-jose-luis-cuevas\/","title":{"rendered":"Crisis financiera opaca el 30 aniversario del Museo Jos\u00e9 Luis Cuevas"},"content":{"rendered":"\n<p>El<strong>\u00a0Museo Jos\u00e9 Luis Cuevas<\/strong>\u00a0celebra 30 a\u00f1os de existencia, sin embargo, el visible deterioro de las salas, las marcas de filtraci\u00f3n de agua, techos descarapelados e incluso una vitrina rayada hacen que sea inevitable que se hable de la dif\u00edcil situaci\u00f3n econ\u00f3mica que atraviesa.\u00a0<\/p>\n\n\n\n<p>Antes y despu\u00e9s del concierto de piano de Hermann Esquivel, autoridades del museo dedicaron partes de sus discursos conmemorativos para hablar de la crisis econ\u00f3mica por la pandemia de Covid-19, c\u00f3mo la complicada relaci\u00f3n de la familia Cuevas afecta al recinto y agradecer a los trabajadores.<\/p>\n\n\n\n<p>Salvador V\u00e1zquez Araujo, apoderado legal de la Fundaci\u00f3n Maestro Jos\u00e9 Luis Cuevas Novelo A.C., en su discurso hizo especial menci\u00f3n a los trabajadores del Museo Jos\u00e9 Luis Cuevas porque \u201cest\u00e1n trabajando cotidianamente en situaciones laborales dif\u00edciles\u201d. Araujo nombr\u00f3 a cada empleado junto a sus a\u00f1os de antig\u00fcedad en el recinto, hay trabajadores que est\u00e1n ah\u00ed desde que se inaugur\u00f3 el museo. Tambi\u00e9n invit\u00f3 a la reflexi\u00f3n del legado de Jos\u00e9 Luis Cuevas.<\/p>\n\n\n\n<p>Jorge Gamboa de Buen, presidente de la Fundaci\u00f3n, repas\u00f3 la historia del museo y destac\u00f3 que en 30 a\u00f1os de historia han realizado 350 exposiciones. Sin embargo, adem\u00e1s del festejo, reconoci\u00f3 que el recinto ha vivido dos a\u00f1os dif\u00edciles por la pandemia de Covid-19. Durante este tiempo el museo cerr\u00f3 sus puertas, qued\u00e1ndose sin sus recursos autogenerados, una de sus formas de financiamiento, pues tambi\u00e9n recibe recursos del INBAL y de la Secretar\u00eda de Cultura de la Ciudad de M\u00e9xico.\u00a0<\/p>\n\n\n\n<p>Adem\u00e1s, Gamboa de Buen hizo ver que la complicada relaci\u00f3n de la familia Cuevas ha tenido repercusiones en el manejo del museo:&nbsp;<\/p>\n\n\n\n<blockquote class=\"wp-block-quote is-layout-flow wp-block-quote-is-layout-flow\"><p>\u201cLos \u00faltimos a\u00f1os, sin embargo, han sido dif\u00edciles. La temprana muerte de Bertha Cuevas y el posterior matrimonio de Jos\u00e9 Luis, desestabilizaron a la familia con efectos adversos para el museo. Es dif\u00edcil para las familias de los donatarios entender que una donaci\u00f3n a la naci\u00f3n significa transferir la propiedad del donante y que la participaci\u00f3n de la familia s\u00f3lo puede ser a trav\u00e9s de canales oficiales\u201d.<\/p><\/blockquote>\n\n\n\n<p>Ante la situaci\u00f3n, el presidente de la Fundaci\u00f3n inform\u00f3 que en los \u00faltimos meses ha trabajado con las autoridades que lo financian para \u201creconfigurar la estructura institucional y darle larga vida al legado de Cuevas\u201d.&nbsp;<\/p>\n\n\n\n<p>Por su parte, Mariana Mungu\u00eda, coordinadora de Artes Visuales del INBAL, asegur\u00f3 que el Instituto \u201cha mantenido su responsabilidad\u201d y \u201cacompa\u00f1ado las actividades de la Fundaci\u00f3n en pro de este museo\u201d.\u00a0<\/p>\n\n\n\n<p>Fuente: <a href=\"https:\/\/www.eluniversal.com.mx\/cultura\/museo-jose-luis-cuevas-crisis-financiera-opaca-su-30-aniversario\" data-type=\"URL\" data-id=\"https:\/\/www.eluniversal.com.mx\/cultura\/museo-jose-luis-cuevas-crisis-financiera-opaca-su-30-aniversario\">El Universal<\/a><\/p>\n","protected":false},"excerpt":{"rendered":"<p>El\u00a0Museo Jos\u00e9 Luis Cuevas\u00a0celebra 30 a\u00f1os de existencia, sin embargo, el visible deterioro de las salas, las marcas de filtraci\u00f3n de agua, techos descarapelados e incluso una vitrina rayada hacen que sea inevitable que se hable de la dif\u00edcil situaci\u00f3n econ\u00f3mica que atraviesa.\u00a0 Antes y despu\u00e9s del concierto de piano de Hermann Esquivel, autoridades del [&hellip;]<\/p>\n","protected":false},"author":35,"featured_media":64187,"comment_status":"open","ping_status":"open","sticky":false,"template":"","format":"standard","meta":{"_monsterinsights_skip_tracking":false,"_monsterinsights_sitenote_active":false,"_monsterinsights_sitenote_note":"","_monsterinsights_sitenote_category":0,"footnotes":""},"categories":[157],"tags":[3044,717,7486,17021,17020],"class_list":["post-64186","post","type-post","status-publish","format-standard","has-post-thumbnail","hentry","category-nacional","tag-aniversario","tag-crisis","tag-financiera","tag-museo-jose-luis-cuevas","tag-opaca","wp-image-borders"],"amp_enabled":true,"_links":{"self":[{"href":"https:\/\/nvnoticias.mx\/index.php\/wp-json\/wp\/v2\/posts\/64186","targetHints":{"allow":["GET"]}}],"collection":[{"href":"https:\/\/nvnoticias.mx\/index.php\/wp-json\/wp\/v2\/posts"}],"about":[{"href":"https:\/\/nvnoticias.mx\/index.php\/wp-json\/wp\/v2\/types\/post"}],"author":[{"embeddable":true,"href":"https:\/\/nvnoticias.mx\/index.php\/wp-json\/wp\/v2\/users\/35"}],"replies":[{"embeddable":true,"href":"https:\/\/nvnoticias.mx\/index.php\/wp-json\/wp\/v2\/comments?post=64186"}],"version-history":[{"count":1,"href":"https:\/\/nvnoticias.mx\/index.php\/wp-json\/wp\/v2\/posts\/64186\/revisions"}],"predecessor-version":[{"id":64188,"href":"https:\/\/nvnoticias.mx\/index.php\/wp-json\/wp\/v2\/posts\/64186\/revisions\/64188"}],"wp:featuredmedia":[{"embeddable":true,"href":"https:\/\/nvnoticias.mx\/index.php\/wp-json\/wp\/v2\/media\/64187"}],"wp:attachment":[{"href":"https:\/\/nvnoticias.mx\/index.php\/wp-json\/wp\/v2\/media?parent=64186"}],"wp:term":[{"taxonomy":"category","embeddable":true,"href":"https:\/\/nvnoticias.mx\/index.php\/wp-json\/wp\/v2\/categories?post=64186"},{"taxonomy":"post_tag","embeddable":true,"href":"https:\/\/nvnoticias.mx\/index.php\/wp-json\/wp\/v2\/tags?post=64186"}],"curies":[{"name":"wp","href":"https:\/\/api.w.org\/{rel}","templated":true}]}}