{"id":64165,"date":"2022-07-09T11:52:28","date_gmt":"2022-07-09T16:52:28","guid":{"rendered":"https:\/\/nvnoticias.mx\/?p=64165"},"modified":"2022-07-09T11:52:29","modified_gmt":"2022-07-09T16:52:29","slug":"recorrio-fiscal-general-del-estado-las-oficinas-de-la-unidad-integral-de-justicia-en-cosamaloapan","status":"publish","type":"post","link":"https:\/\/nvnoticias.mx\/index.php\/2022\/07\/09\/recorrio-fiscal-general-del-estado-las-oficinas-de-la-unidad-integral-de-justicia-en-cosamaloapan\/","title":{"rendered":"Recorri\u00f3 Fiscal General del Estado las oficinas de la Unidad Integral de Justicia en Cosamaloapan"},"content":{"rendered":"\n<p>La Fiscal General del Estado, Ver\u00f3nica Hern\u00e1ndez Giad\u00e1ns recorri\u00f3 las oficinas de la Unidad Integral de Procuraci\u00f3n de Justicia en Cosamaloapan, para evaluar y supervisar el trabajo diario del personal, la integraci\u00f3n de los nuevos fiscales, as\u00ed como la atenci\u00f3n a los usuarios.<\/p>\n\n\n\n<p>Acompa\u00f1ada del Fiscal Regional, Sergio Abel Verdejo Mu\u00f1oz y del Fiscal de distrito, Benito Carrasquedo Ram\u00edrez, salud\u00f3 a Fiscales que integran la Unidad de Atenci\u00f3n Temprana, de las Fiscal\u00edas Especializadas, de la Fiscal\u00eda de distrito, de Diversos, Peritos, as\u00ed como personal administrativo, donde constat\u00f3 las actividades que realizan y escuch\u00f3 las peticiones que le hicieron ciudadanas y ciudadanos para mejorar el servicio.<\/p>\n\n\n\n<p>Posteriormente acudi\u00f3 a las oficinas de la Fiscal\u00eda Regional, en la que aprovech\u00f3 para conversar con las y los servidores p\u00fablicos quienes atienden a los veracruzanos en esa zona, record\u00e1ndoles que la transformaci\u00f3n de la procuraci\u00f3n de justicia en Veracruz se consolida atendiendo con sensibilidad a las v\u00edctimas de los delitos, con apego a la ley e irrestricto respeto a los derechos humanos.<\/p>\n\n\n\n<p>Hern\u00e1ndez Giad\u00e1ns enfatiz\u00f3 en ambas visitas de trabajo, que las y los trabajadores deben conducirse bajo los principios de honestidad y transparencia que rigen al organismo aut\u00f3nomo, evitando en todo momento actos de corrupci\u00f3n, los cuales no ser\u00e1n tolerados.<\/p>\n\n\n\n<p>Las y los trabajadores le agradecieron la comunicaci\u00f3n permanente, el proveer lo necesario para el desarrollo de sus labores diarias y el fortalecimiento de las \u00e1reas operativas, comprometi\u00e9ndose a redoblar esfuerzos para abatir la impunidad y reducir la incidencia delictiva.<\/p>\n","protected":false},"excerpt":{"rendered":"<p>La Fiscal General del Estado, Ver\u00f3nica Hern\u00e1ndez Giad\u00e1ns recorri\u00f3 las oficinas de la Unidad Integral de Procuraci\u00f3n de Justicia en Cosamaloapan, para evaluar y supervisar el trabajo diario del personal, la integraci\u00f3n de los nuevos fiscales, as\u00ed como la atenci\u00f3n a los usuarios. Acompa\u00f1ada del Fiscal Regional, Sergio Abel Verdejo Mu\u00f1oz y del Fiscal de [&hellip;]<\/p>\n","protected":false},"author":35,"featured_media":64166,"comment_status":"open","ping_status":"open","sticky":false,"template":"","format":"standard","meta":{"_monsterinsights_skip_tracking":false,"_monsterinsights_sitenote_active":false,"_monsterinsights_sitenote_note":"","_monsterinsights_sitenote_category":0,"footnotes":""},"categories":[156],"tags":[673,1296,2314,17008,17010],"class_list":["post-64165","post","type-post","status-publish","format-standard","has-post-thumbnail","hentry","category-estado","tag-cosamaloapan","tag-fiscal-general-del-estado","tag-oficinas","tag-recorrio","tag-unidad-integral-de-justicia","wp-image-borders"],"amp_enabled":true,"_links":{"self":[{"href":"https:\/\/nvnoticias.mx\/index.php\/wp-json\/wp\/v2\/posts\/64165","targetHints":{"allow":["GET"]}}],"collection":[{"href":"https:\/\/nvnoticias.mx\/index.php\/wp-json\/wp\/v2\/posts"}],"about":[{"href":"https:\/\/nvnoticias.mx\/index.php\/wp-json\/wp\/v2\/types\/post"}],"author":[{"embeddable":true,"href":"https:\/\/nvnoticias.mx\/index.php\/wp-json\/wp\/v2\/users\/35"}],"replies":[{"embeddable":true,"href":"https:\/\/nvnoticias.mx\/index.php\/wp-json\/wp\/v2\/comments?post=64165"}],"version-history":[{"count":1,"href":"https:\/\/nvnoticias.mx\/index.php\/wp-json\/wp\/v2\/posts\/64165\/revisions"}],"predecessor-version":[{"id":64167,"href":"https:\/\/nvnoticias.mx\/index.php\/wp-json\/wp\/v2\/posts\/64165\/revisions\/64167"}],"wp:featuredmedia":[{"embeddable":true,"href":"https:\/\/nvnoticias.mx\/index.php\/wp-json\/wp\/v2\/media\/64166"}],"wp:attachment":[{"href":"https:\/\/nvnoticias.mx\/index.php\/wp-json\/wp\/v2\/media?parent=64165"}],"wp:term":[{"taxonomy":"category","embeddable":true,"href":"https:\/\/nvnoticias.mx\/index.php\/wp-json\/wp\/v2\/categories?post=64165"},{"taxonomy":"post_tag","embeddable":true,"href":"https:\/\/nvnoticias.mx\/index.php\/wp-json\/wp\/v2\/tags?post=64165"}],"curies":[{"name":"wp","href":"https:\/\/api.w.org\/{rel}","templated":true}]}}