{"id":64157,"date":"2022-07-09T11:34:16","date_gmt":"2022-07-09T16:34:16","guid":{"rendered":"https:\/\/nvnoticias.mx\/?p=64157"},"modified":"2022-07-09T11:34:18","modified_gmt":"2022-07-09T16:34:18","slug":"piden-incluir-lenguas-indigenas-en-el-sistema-educativo-del-estado-de-mexico","status":"publish","type":"post","link":"https:\/\/nvnoticias.mx\/index.php\/2022\/07\/09\/piden-incluir-lenguas-indigenas-en-el-sistema-educativo-del-estado-de-mexico\/","title":{"rendered":"Piden incluir lenguas ind\u00edgenas en el sistema educativo del Estado de M\u00e9xico"},"content":{"rendered":"\n<p>Pueblos originarios de la zona oriente del Estado de M\u00e9xico propusieron incluir las lenguas ind\u00edgenas en el sistema educativo de la entidad a fin de garantizar su preservaci\u00f3n. Durante el foro de \u201cConsulta al Pueblo Originario Ind\u00edgena Nahua para construir la Nueva Ley de Educaci\u00f3n\u201d, realizado por autoridades estatales y la Universidad Aut\u00f3noma del Estado de M\u00e9xico (UAEMex),\u00a0los asistentes resaltaron la importancia de tomar en cuenta las lenguas madres en la educaci\u00f3n b\u00e1sica. <\/p>\n\n\n\n<blockquote class=\"wp-block-quote is-layout-flow wp-block-quote-is-layout-flow\"><p>\u201cEn el Estado de M\u00e9xico se debe aspirar a tener una educaci\u00f3n ind\u00edgena desde el nivel inicial hasta el superior, y desde la ley se requiere respaldar las acciones con presupuesto\u201d, asegur\u00f3 Rigoberto Vargas Cervantes, secretario de la Comisi\u00f3n de Educaci\u00f3n, Cultura, Ciencia y Tecnolog\u00eda del Congreso Local, en la c\u00e1mara de diputados. <\/p><\/blockquote>\n\n\n\n<p>Al menos 40 personas participaron en un di\u00e1logo realizado en Texcoco quienes expresaron m\u00e1s de 100 propuestas para construir una ley pluri\u00e9tnica y pluricultural a fin de contrarrestar la exclusi\u00f3n de las comunidades ind\u00edgenas y afrodescendientes. <\/p>\n\n\n\n<p>Las propuestas m\u00e1s destacadas consisten en incluir la lengua materna en el sistema educativo; atender de forma prioritaria pueblos y zonas ind\u00edgenas; certificar y capacitar a personal docente ind\u00edgena; valorar el biling\u00fcismo ind\u00edgena e incluir la salud mental en la educaci\u00f3n. <\/p>\n\n\n\n<p>Crear plazas de educaci\u00f3n primaria ind\u00edgena y la direcci\u00f3n de educaci\u00f3n ind\u00edgena estatal; implementar escuelas normales biling\u00fces; aumentar el presupuesto para la construcci\u00f3n y rehabilitaci\u00f3n de escuelas; entre otros aspectos. <\/p>\n\n\n\n<p>El encuentro asistieron habitantes de los municipios de Texcoco, Amecameca, Chimalhuac\u00e1n, Atenco, Ixtapaluca, Nezahualc\u00f3yotl, Chiautla, Chicoloapan, La Paz, Ecatepec, Axapusco, Valle de Chalco, Tultepec, Tepetlixpa, Naucalpan, Ozumba, Tezoyuca y Toluca. <\/p>\n\n\n\n<p>Fuente: <a href=\"https:\/\/www.milenio.com\/politica\/comunidad\/piden-incluir-lenguas-indigenas-sistema-educativo-edomex\" data-type=\"URL\" data-id=\"https:\/\/www.milenio.com\/politica\/comunidad\/piden-incluir-lenguas-indigenas-sistema-educativo-edomex\">Milenio<\/a><\/p>\n","protected":false},"excerpt":{"rendered":"<p>Pueblos originarios de la zona oriente del Estado de M\u00e9xico propusieron incluir las lenguas ind\u00edgenas en el sistema educativo de la entidad a fin de garantizar su preservaci\u00f3n. Durante el foro de \u201cConsulta al Pueblo Originario Ind\u00edgena Nahua para construir la Nueva Ley de Educaci\u00f3n\u201d, realizado por autoridades estatales y la Universidad Aut\u00f3noma del Estado [&hellip;]<\/p>\n","protected":false},"author":35,"featured_media":23203,"comment_status":"open","ping_status":"open","sticky":false,"template":"","format":"standard","meta":{"_monsterinsights_skip_tracking":false,"_monsterinsights_sitenote_active":false,"_monsterinsights_sitenote_note":"","_monsterinsights_sitenote_category":0,"footnotes":""},"categories":[157],"tags":[2375,17005,17006,9131,1799],"class_list":["post-64157","post","type-post","status-publish","format-standard","has-post-thumbnail","hentry","category-nacional","tag-estado-de-mexico","tag-incluir","tag-lenguas-indigenas","tag-piden","tag-sistema-educativo","wp-image-borders"],"amp_enabled":true,"_links":{"self":[{"href":"https:\/\/nvnoticias.mx\/index.php\/wp-json\/wp\/v2\/posts\/64157","targetHints":{"allow":["GET"]}}],"collection":[{"href":"https:\/\/nvnoticias.mx\/index.php\/wp-json\/wp\/v2\/posts"}],"about":[{"href":"https:\/\/nvnoticias.mx\/index.php\/wp-json\/wp\/v2\/types\/post"}],"author":[{"embeddable":true,"href":"https:\/\/nvnoticias.mx\/index.php\/wp-json\/wp\/v2\/users\/35"}],"replies":[{"embeddable":true,"href":"https:\/\/nvnoticias.mx\/index.php\/wp-json\/wp\/v2\/comments?post=64157"}],"version-history":[{"count":1,"href":"https:\/\/nvnoticias.mx\/index.php\/wp-json\/wp\/v2\/posts\/64157\/revisions"}],"predecessor-version":[{"id":64158,"href":"https:\/\/nvnoticias.mx\/index.php\/wp-json\/wp\/v2\/posts\/64157\/revisions\/64158"}],"wp:featuredmedia":[{"embeddable":true,"href":"https:\/\/nvnoticias.mx\/index.php\/wp-json\/wp\/v2\/media\/23203"}],"wp:attachment":[{"href":"https:\/\/nvnoticias.mx\/index.php\/wp-json\/wp\/v2\/media?parent=64157"}],"wp:term":[{"taxonomy":"category","embeddable":true,"href":"https:\/\/nvnoticias.mx\/index.php\/wp-json\/wp\/v2\/categories?post=64157"},{"taxonomy":"post_tag","embeddable":true,"href":"https:\/\/nvnoticias.mx\/index.php\/wp-json\/wp\/v2\/tags?post=64157"}],"curies":[{"name":"wp","href":"https:\/\/api.w.org\/{rel}","templated":true}]}}