{"id":64108,"date":"2022-07-09T09:32:00","date_gmt":"2022-07-09T14:32:00","guid":{"rendered":"https:\/\/nvnoticias.mx\/?p=64108"},"modified":"2022-07-09T09:32:01","modified_gmt":"2022-07-09T14:32:01","slug":"fallece-el-ex-presidente-luis-echeverria-a-los-100-anos-de-edad","status":"publish","type":"post","link":"https:\/\/nvnoticias.mx\/index.php\/2022\/07\/09\/fallece-el-ex-presidente-luis-echeverria-a-los-100-anos-de-edad\/","title":{"rendered":"Fallece el ex presidente Luis Echeverr\u00eda a los 100 a\u00f1os de edad"},"content":{"rendered":"\n<p>La ma\u00f1ana del s\u00e1bado 9 de julio trascendi\u00f3 la muerte del ex presidente de M\u00e9xico,\u00a0<strong>Luis Echeverr\u00eda \u00c1lvarez<\/strong>,\u00a0quien gobern\u00f3 de 1970 a 1976. De acuerdo con informaci\u00f3n preliminar, el\u00a0<strong>fallecimiento\u00a0<\/strong>se habr\u00eda dado la noche del viernes alrededor de las 21:30 horas en su domicilio ubicado en\u00a0<strong>Cuernavaca<\/strong>, Morelos.<\/p>\n\n\n\n<p>El ex mandatario mexicano que el pasado 17 de enero cumpli\u00f3 100 a\u00f1os de edad, fue presidente de M\u00e9xico por el\u00a0Partido Revolucionario Institucional (<strong>PRI<\/strong>)\u00a0de 1970 a 1976.<\/p>\n\n\n\n<p>Luis Echeverr\u00eda \u00c1lvarez ser\u00e1&nbsp;<strong>velado&nbsp;<\/strong>este s\u00e1bado en una funeraria ubicada al poniente de Ciudad de M\u00e9xico.<\/p>\n\n\n\n<p>El ex presidente Echeverr\u00eda \u00c1lvarez estudi\u00f3 Derecho en la Universidad Nacional Aut\u00f3noma de M\u00e9xico (<strong>UNAM<\/strong>), asimismo, inici\u00f3 su carrera pol\u00edtica a los 22 a\u00f1os como secretario particular del general Rodolfo S\u00e1nchez Taboada.<\/p>\n\n\n\n<p>Fuente: <a href=\"https:\/\/heraldodemexico.com.mx\/nacional\/2022\/7\/9\/muere-el-ex-presidente-luis-echeverria-los-100-anos-de-edad-420536.html\" data-type=\"URL\" data-id=\"https:\/\/heraldodemexico.com.mx\/nacional\/2022\/7\/9\/muere-el-ex-presidente-luis-echeverria-los-100-anos-de-edad-420536.html\">El Heraldo de M\u00e9xico <\/a><\/p>\n","protected":false},"excerpt":{"rendered":"<p>La ma\u00f1ana del s\u00e1bado 9 de julio trascendi\u00f3 la muerte del ex presidente de M\u00e9xico,\u00a0Luis Echeverr\u00eda \u00c1lvarez,\u00a0quien gobern\u00f3 de 1970 a 1976. De acuerdo con informaci\u00f3n preliminar, el\u00a0fallecimiento\u00a0se habr\u00eda dado la noche del viernes alrededor de las 21:30 horas en su domicilio ubicado en\u00a0Cuernavaca, Morelos. El ex mandatario mexicano que el pasado 17 de enero [&hellip;]<\/p>\n","protected":false},"author":35,"featured_media":64112,"comment_status":"open","ping_status":"open","sticky":false,"template":"","format":"standard","meta":{"_monsterinsights_skip_tracking":false,"_monsterinsights_sitenote_active":false,"_monsterinsights_sitenote_note":"","_monsterinsights_sitenote_category":0,"footnotes":""},"categories":[158],"tags":[8174,2306,16996,162],"class_list":["post-64108","post","type-post","status-publish","format-standard","has-post-thumbnail","hentry","category-politica","tag-expresidente","tag-fallece","tag-luis-echeverria","tag-portada","wp-image-borders"],"amp_enabled":true,"_links":{"self":[{"href":"https:\/\/nvnoticias.mx\/index.php\/wp-json\/wp\/v2\/posts\/64108","targetHints":{"allow":["GET"]}}],"collection":[{"href":"https:\/\/nvnoticias.mx\/index.php\/wp-json\/wp\/v2\/posts"}],"about":[{"href":"https:\/\/nvnoticias.mx\/index.php\/wp-json\/wp\/v2\/types\/post"}],"author":[{"embeddable":true,"href":"https:\/\/nvnoticias.mx\/index.php\/wp-json\/wp\/v2\/users\/35"}],"replies":[{"embeddable":true,"href":"https:\/\/nvnoticias.mx\/index.php\/wp-json\/wp\/v2\/comments?post=64108"}],"version-history":[{"count":4,"href":"https:\/\/nvnoticias.mx\/index.php\/wp-json\/wp\/v2\/posts\/64108\/revisions"}],"predecessor-version":[{"id":64113,"href":"https:\/\/nvnoticias.mx\/index.php\/wp-json\/wp\/v2\/posts\/64108\/revisions\/64113"}],"wp:featuredmedia":[{"embeddable":true,"href":"https:\/\/nvnoticias.mx\/index.php\/wp-json\/wp\/v2\/media\/64112"}],"wp:attachment":[{"href":"https:\/\/nvnoticias.mx\/index.php\/wp-json\/wp\/v2\/media?parent=64108"}],"wp:term":[{"taxonomy":"category","embeddable":true,"href":"https:\/\/nvnoticias.mx\/index.php\/wp-json\/wp\/v2\/categories?post=64108"},{"taxonomy":"post_tag","embeddable":true,"href":"https:\/\/nvnoticias.mx\/index.php\/wp-json\/wp\/v2\/tags?post=64108"}],"curies":[{"name":"wp","href":"https:\/\/api.w.org\/{rel}","templated":true}]}}