{"id":64013,"date":"2022-07-08T13:11:38","date_gmt":"2022-07-08T18:11:38","guid":{"rendered":"https:\/\/nvnoticias.mx\/?p=64013"},"modified":"2022-07-08T13:11:39","modified_gmt":"2022-07-08T18:11:39","slug":"pide-ebrard-fin-a-la-guerra-en-ucrania-frente-al-ministro-ruso-sergei-lavrov","status":"publish","type":"post","link":"https:\/\/nvnoticias.mx\/index.php\/2022\/07\/08\/pide-ebrard-fin-a-la-guerra-en-ucrania-frente-al-ministro-ruso-sergei-lavrov\/","title":{"rendered":"Pide Ebrard fin a la guerra en Ucrania frente al ministro ruso Serg\u00e9i Lavrov"},"content":{"rendered":"\n<p>Sentado a un lado del ministro de Relaciones Exteriores de Rusia, Serg\u00e9i Lavrov, el\u00a0<strong>canciller mexicano, Marcelo Ebrard conden\u00f3 los ataques contra Ucrania,<\/strong>\u00a0y pidi\u00f3 que le pongan fin a las acciones armadas.<\/p>\n\n\n\n<p>Durante la reuni\u00f3n de ministros del G20, Ebrard reiter\u00f3 que<strong>&nbsp;M\u00e9xico condena estas acciones<\/strong>, resalt\u00f3 la importancia de tener presente al ministro Lavrov para que responda diferentes cuestionamientos.<\/p>\n\n\n\n<blockquote class=\"wp-block-quote is-layout-flow wp-block-quote-is-layout-flow\"><p>\u201cEs muy interesante tener aqu\u00ed la presencia de Rusia para escuchar y contestar preguntas dif\u00edciles, que son:<strong>\u00a0\u00bfes posible acabar el conflicto en Ucrania?\u00a0<\/strong>Y, \u00bfqu\u00e9 necesitan para hacerlo?\u201d, cuestion\u00f3 Ebrard.<\/p><\/blockquote>\n\n\n\n<p>Adem\u00e1s, el canciller expuso que esta guerra est\u00e1 teniendo consecuencias alrededor del mundo, por lo que expuso las cuestiones a las que M\u00e9xico le ha dado seguimiento.about:blank<\/p>\n\n\n\n<blockquote class=\"wp-block-quote is-layout-flow wp-block-quote-is-layout-flow\"><p>\u201cEstamos particularmente preocupados por los efectos de este conflicto en los pa\u00edses de bajo y medio ingreso debido a la seguridad alimentaria,<strong>\u00a0la escasez de energ\u00e9ticos y el incremento de precios<\/strong>\u00a0que estamos enfrentando ahora\u201d, se\u00f1al\u00f3, y remat\u00f3 afirmando que \u201cno es justo\u201d.<\/p><\/blockquote>\n\n\n\n<p>Finalmente, expuso que la \u00fanica manera de evitar un problema mayor es ponerle fin a la invasi\u00f3n en el corto plazo.<\/p>\n\n\n\n<p>El pasado 3 de julio\u00a0<strong>fuerzas rusas tomaron la \u00faltima ciudad grande controlada por Kiev<\/strong>\u00a0en la provincia oriental de Luhansk, en el este de Ucrania,\u00a0seg\u00fan anunci\u00f3 el domingo el ministro ruso de Defensa. El avance acercaba a Mosc\u00fa a su objetivo declarado de\u00a0tomar toda la regi\u00f3n del Donb\u00e1s.<\/p>\n\n\n\n<p>El ministro de Defensa, Sergei Shoigo, dijo al presidente, Vladimir Putin, que \u201ccomo resultado de operaciones militares exitosas, las fuerzas armadas de la Federaci\u00f3n Rusa, junto con unidades de la Milicia Popular de la Rep\u00fablica Popular de Luhansk,&nbsp;<strong>han establecido pleno control de la ciudad de Lysychansk<\/strong>\u201d, seg\u00fan agencias noticiosas rusas.<\/p>\n\n\n\n<p><strong>Los combatientes ucranianos llevaban semanas tratando de\u00a0defender la ciudad de Lysychansk\u00a0<\/strong>e impedir que cayera en manos de Rusia, como ocurri\u00f3 con la vecina Sievierodonetsk hace una semana. Un asesor presidencial hab\u00eda dicho que el destino de la urbe podr\u00eda decidirse en cuesti\u00f3n de d\u00edas.<\/p>\n\n\n\n<p>Fuente: <a href=\"https:\/\/www.elfinanciero.com.mx\/mundo\/2022\/07\/08\/ebrard-pide-fin-a-la-guerra-en-ucrania-frente-al-ministro-ruso-sergei-lavrov\/\" data-type=\"URL\" data-id=\"https:\/\/www.elfinanciero.com.mx\/mundo\/2022\/07\/08\/ebrard-pide-fin-a-la-guerra-en-ucrania-frente-al-ministro-ruso-sergei-lavrov\/\">El Financiero<\/a><\/p>\n","protected":false},"excerpt":{"rendered":"<p>Sentado a un lado del ministro de Relaciones Exteriores de Rusia, Serg\u00e9i Lavrov, el\u00a0canciller mexicano, Marcelo Ebrard conden\u00f3 los ataques contra Ucrania,\u00a0y pidi\u00f3 que le pongan fin a las acciones armadas. Durante la reuni\u00f3n de ministros del G20, Ebrard reiter\u00f3 que&nbsp;M\u00e9xico condena estas acciones, resalt\u00f3 la importancia de tener presente al ministro Lavrov para que [&hellip;]<\/p>\n","protected":false},"author":35,"featured_media":1140,"comment_status":"open","ping_status":"open","sticky":false,"template":"","format":"standard","meta":{"_monsterinsights_skip_tracking":false,"_monsterinsights_sitenote_active":false,"_monsterinsights_sitenote_note":"","_monsterinsights_sitenote_category":0,"footnotes":""},"categories":[157],"tags":[187,391,9741,537,5041],"class_list":["post-64013","post","type-post","status-publish","format-standard","has-post-thumbnail","hentry","category-nacional","tag-guerra","tag-marcelo-ebrard","tag-pide","tag-rusia","tag-ucrania","wp-image-borders"],"amp_enabled":true,"_links":{"self":[{"href":"https:\/\/nvnoticias.mx\/index.php\/wp-json\/wp\/v2\/posts\/64013","targetHints":{"allow":["GET"]}}],"collection":[{"href":"https:\/\/nvnoticias.mx\/index.php\/wp-json\/wp\/v2\/posts"}],"about":[{"href":"https:\/\/nvnoticias.mx\/index.php\/wp-json\/wp\/v2\/types\/post"}],"author":[{"embeddable":true,"href":"https:\/\/nvnoticias.mx\/index.php\/wp-json\/wp\/v2\/users\/35"}],"replies":[{"embeddable":true,"href":"https:\/\/nvnoticias.mx\/index.php\/wp-json\/wp\/v2\/comments?post=64013"}],"version-history":[{"count":1,"href":"https:\/\/nvnoticias.mx\/index.php\/wp-json\/wp\/v2\/posts\/64013\/revisions"}],"predecessor-version":[{"id":64014,"href":"https:\/\/nvnoticias.mx\/index.php\/wp-json\/wp\/v2\/posts\/64013\/revisions\/64014"}],"wp:featuredmedia":[{"embeddable":true,"href":"https:\/\/nvnoticias.mx\/index.php\/wp-json\/wp\/v2\/media\/1140"}],"wp:attachment":[{"href":"https:\/\/nvnoticias.mx\/index.php\/wp-json\/wp\/v2\/media?parent=64013"}],"wp:term":[{"taxonomy":"category","embeddable":true,"href":"https:\/\/nvnoticias.mx\/index.php\/wp-json\/wp\/v2\/categories?post=64013"},{"taxonomy":"post_tag","embeddable":true,"href":"https:\/\/nvnoticias.mx\/index.php\/wp-json\/wp\/v2\/tags?post=64013"}],"curies":[{"name":"wp","href":"https:\/\/api.w.org\/{rel}","templated":true}]}}